{"id":10299,"date":"2024-09-04T20:26:50","date_gmt":"2024-09-04T18:26:50","guid":{"rendered":"https:\/\/blogs.elcomercio.es\/largo_de_cafe\/?p=10299"},"modified":"2024-09-04T20:26:50","modified_gmt":"2024-09-04T18:26:50","slug":"la-ruta-del-gobierno","status":"publish","type":"post","link":"https:\/\/blogs.elcomercio.es\/largo_de_cafe\/2024\/09\/04\/la-ruta-del-gobierno\/","title":{"rendered":"LA RUTA DEL GOBIERNO"},"content":{"rendered":"<p>De la reuni\u00f3n entre los dos socios del Gobierno asturiano, PSOE e IU-Convocatoria por Asturies, han salido unas cuantas propuestas para aplicar en los pr\u00f3ximos meses. La m\u00e1s real y concreta es la creaci\u00f3n de una tasa tur\u00edstica, o ecotasa, que podr\u00e1n aplicar los ayuntamientos para reducir las posibles concentraciones de visitantes en determinados concejos; tambi\u00e9n cabe ver la medida como una forma de recabar recursos para financiar el gasto en servicios p\u00fablicos que originan los turistas. El presidente del Principado ya se hab\u00eda manifestado dispuesto a aprobar ese tributo siempre que no fuese regional, sino municipal. La aplicaci\u00f3n de la tasa depende de los ayuntamientos y, hasta ahora, ning\u00fan alcalde dijo que la implantar\u00eda. En apoyo de los pol\u00edticos o grupos que quieren extender ese tributo por nuestra regi\u00f3n est\u00e1 el hecho de que en todo el mundo se debate sobre la tasa. Ayer mismo, en Nueva Zelanda, se acord\u00f3 triplicar la cuant\u00eda que estaba establecida hasta llegar a los 56 euros. Como con todas las figuras fiscales, toca preguntarse sobre la conveniencia del tributo. Las naciones, regiones o ciudades que tengan territorios vecinos de gran demanda tur\u00edstica pueden llevarse la sorpresa de ver reducida la clientela y los ingresos municipales por cobrar la ecotasa a los forasteros.<\/p>\n<p>De la tormenta de ideas que acompa\u00f1\u00f3 al encuentro entre los dos socios salieron otras propuestas. PSOE e IU-Convocatoria por Asturies acordaron un pacto por el medio rural. Esta idea ya la hab\u00eda lanzado Ovidio Zapico el 21 de julio, en una entrevista publicada por EL COMERCIO; el l\u00edder de IU dec\u00eda: \u00abTenemos que desarrollar en el marco del acuerdo de gobierno un pacto social por el medio rural\u00bb. Ya est\u00e1 consensuado. La ecotasa tambi\u00e9n es una vieja propuesta de IU (a\u00f1o 2015).<\/p>\n<p>Hay otra serie de medidas que resultan dif\u00edciles de enjuiciar, bien porque ya se han implementado o porque son un tanto et\u00e9reas. Primer ejemplo: consolidar el sector tur\u00edstico. Est\u00e1 completamente consolidado y en franco crecimiento. Segundo: potenciar las pol\u00edticas de igualdad. Es, probablemente, la materia que m\u00e1s se haya potenciado en los \u00faltimos a\u00f1os. Tercero: la vivienda como derecho. Est\u00e1, como tal, expl\u00edcitamente reconocido en la Constituci\u00f3n. Puse estos tres ejemplos por no entrar en la mejora de las comunicaciones, que es otro de los objetivos.<\/p>\n<p>En definitiva, pocas concreciones (entre las que destaca la ecotasa) y mucho enunciado que ha quedado viejo de tan repetido.<\/p>\n<!-- AddThis Advanced Settings generic via filter on the_content --><!-- AddThis Share Buttons generic via filter on the_content -->","protected":false},"excerpt":{"rendered":"<p>De la reuni\u00f3n entre los dos socios del Gobierno asturiano, PSOE e IU-Convocatoria por Asturies, han salido unas cuantas propuestas para aplicar en los pr\u00f3ximos meses. La m\u00e1s real y concreta es la creaci\u00f3n de una tasa tur\u00edstica, o ecotasa, que podr\u00e1n aplicar los ayuntamientos para reducir las posibles concentraciones de visitantes en determinados concejos; [&hellip;]<!-- AddThis Advanced Settings generic via filter on get_the_excerpt --><!-- AddThis Share Buttons generic via filter on get_the_excerpt --><\/p>\n","protected":false},"author":2,"featured_media":0,"comment_status":"open","ping_status":"open","sticky":false,"template":"","format":"standard","meta":[],"categories":[1],"tags":[],"_links":{"self":[{"href":"https:\/\/blogs.elcomercio.es\/largo_de_cafe\/wp-json\/wp\/v2\/posts\/10299"}],"collection":[{"href":"https:\/\/blogs.elcomercio.es\/largo_de_cafe\/wp-json\/wp\/v2\/posts"}],"about":[{"href":"https:\/\/blogs.elcomercio.es\/largo_de_cafe\/wp-json\/wp\/v2\/types\/post"}],"author":[{"embeddable":true,"href":"https:\/\/blogs.elcomercio.es\/largo_de_cafe\/wp-json\/wp\/v2\/users\/2"}],"replies":[{"embeddable":true,"href":"https:\/\/blogs.elcomercio.es\/largo_de_cafe\/wp-json\/wp\/v2\/comments?post=10299"}],"version-history":[{"count":1,"href":"https:\/\/blogs.elcomercio.es\/largo_de_cafe\/wp-json\/wp\/v2\/posts\/10299\/revisions"}],"predecessor-version":[{"id":10300,"href":"https:\/\/blogs.elcomercio.es\/largo_de_cafe\/wp-json\/wp\/v2\/posts\/10299\/revisions\/10300"}],"wp:attachment":[{"href":"https:\/\/blogs.elcomercio.es\/largo_de_cafe\/wp-json\/wp\/v2\/media?parent=10299"}],"wp:term":[{"taxonomy":"category","embeddable":true,"href":"https:\/\/blogs.elcomercio.es\/largo_de_cafe\/wp-json\/wp\/v2\/categories?post=10299"},{"taxonomy":"post_tag","embeddable":true,"href":"https:\/\/blogs.elcomercio.es\/largo_de_cafe\/wp-json\/wp\/v2\/tags?post=10299"}],"curies":[{"name":"wp","href":"https:\/\/api.w.org\/{rel}","templated":true}]}}