{"id":10320,"date":"2024-09-13T17:47:28","date_gmt":"2024-09-13T15:47:28","guid":{"rendered":"https:\/\/blogs.elcomercio.es\/largo_de_cafe\/?p=10320"},"modified":"2024-09-13T17:47:28","modified_gmt":"2024-09-13T15:47:28","slug":"el-modelo-del-noroeste","status":"publish","type":"post","link":"https:\/\/blogs.elcomercio.es\/largo_de_cafe\/2024\/09\/13\/el-modelo-del-noroeste\/","title":{"rendered":"EL MODELO DEL NOROESTE"},"content":{"rendered":"<p>En Viveiro (Lugo) tuvo lugar un encuentro entre los presidentes del Principado y la Xunta de Galicia, Adri\u00e1n Barb\u00f3n y Alfonso Rueda, respectivamente. Ambos mostraron sus puntos de vista sobre el sistema de financiaci\u00f3n auton\u00f3mica, con referencias hacia el modelo singular de Catalu\u00f1a. A Alfonso Rueda no le gusta el modelo catal\u00e1n de quedarse con el 100% de lo recaudado por la Generalitat. Y lo razona: \u00absi hay tres comunidades que aportan (Madrid, Catalu\u00f1a, Baleares) y una se va, la quiebra es evidente\u00bb. En este asunto, Adri\u00e1n Barb\u00f3n se limit\u00f3 a hacer una consideraci\u00f3n general: \u00abnadie puede perder financiaci\u00f3n\u00bb. De acuerdo, pero si Catalu\u00f1a deja de aportar a la caja com\u00fan, o hace una contribuci\u00f3n testimonial, y si el resto de comunidades aut\u00f3nomas reciben m\u00e1s dinero, el Estado se arruinar\u00e1.<\/p>\n<p>Los dos presidentes coinciden en la mejora del modelo de financiaci\u00f3n. Quieren que se implante un sistema que aporte recursos a cada regi\u00f3n por el coste real de los servicios p\u00fablicos que gestiona. En la actualidad se valoran todas las circunstancias de cada comunidad (vejez, dispersi\u00f3n, orograf\u00eda, etc\u00e9tera), pero Barb\u00f3n y Rueda critican que esa valoraci\u00f3n est\u00e9 por debajo del coste real de los servicios que prestan (sanidad, educaci\u00f3n, servicios sociales).<\/p>\n<p>Es una batalla dif\u00edcil porque las grandes regiones est\u00e1n empe\u00f1adas en que el reparto de recursos se haga en funci\u00f3n exclusiva del tama\u00f1o de la poblaci\u00f3n, sin importarle la media de edad de los habitantes, la orograf\u00eda, la insularidad, etc\u00e9tera. Sobre el asunto m\u00e1s inmediato de la financiaci\u00f3n territorial, la ronda de entrevistas de Pedro S\u00e1nchez con los presidentes auton\u00f3micos, Barb\u00f3n adelant\u00f3 que acudir\u00e1 a la Moncloa, pero no a negociar el modelo de financiaci\u00f3n, porque eso toca hacerlo en el Consejo de Pol\u00edtica Fiscal y Financiera. Ah\u00ed va a estar una de las claves de la batalla pol\u00edtica. De la intervenci\u00f3n de Pedro S\u00e1nchez en el Comit\u00e9 Federal del PSOE se colige que el presidente del Gobierno da por finiquitada la negociaci\u00f3n multilateral y tratar\u00e1 de imponer los acuerdos bilaterales. Todav\u00eda es pronto para saber qu\u00e9 formato se utilizar\u00e1.<\/p>\n<p>Barb\u00f3n afirm\u00f3 que est\u00e1 en contra de la competencia fiscal entre regiones: \u00abno es normal que una comunidad baje impuestos y le pida m\u00e1s dinero al Estado\u00bb. Aqu\u00ed patina el argumentario del PSOE. Ayuso puede bajar o subir el IRPF a los madrile\u00f1os, que la contribuci\u00f3n a la caja com\u00fan no var\u00eda ni un euro (Madrid aporta el 71,6% de la caja com\u00fan). Cosa distinta es que, a ella, si los baja, le quedar\u00e1 menos dinero para financiar los servicios de Madrid. Es su problema.<\/p>\n<!-- AddThis Advanced Settings generic via filter on the_content --><!-- AddThis Share Buttons generic via filter on the_content -->","protected":false},"excerpt":{"rendered":"<p>En Viveiro (Lugo) tuvo lugar un encuentro entre los presidentes del Principado y la Xunta de Galicia, Adri\u00e1n Barb\u00f3n y Alfonso Rueda, respectivamente. Ambos mostraron sus puntos de vista sobre el sistema de financiaci\u00f3n auton\u00f3mica, con referencias hacia el modelo singular de Catalu\u00f1a. A Alfonso Rueda no le gusta el modelo catal\u00e1n de quedarse con [&hellip;]<!-- AddThis Advanced Settings generic via filter on get_the_excerpt --><!-- AddThis Share Buttons generic via filter on get_the_excerpt --><\/p>\n","protected":false},"author":2,"featured_media":0,"comment_status":"open","ping_status":"open","sticky":false,"template":"","format":"standard","meta":[],"categories":[1],"tags":[],"_links":{"self":[{"href":"https:\/\/blogs.elcomercio.es\/largo_de_cafe\/wp-json\/wp\/v2\/posts\/10320"}],"collection":[{"href":"https:\/\/blogs.elcomercio.es\/largo_de_cafe\/wp-json\/wp\/v2\/posts"}],"about":[{"href":"https:\/\/blogs.elcomercio.es\/largo_de_cafe\/wp-json\/wp\/v2\/types\/post"}],"author":[{"embeddable":true,"href":"https:\/\/blogs.elcomercio.es\/largo_de_cafe\/wp-json\/wp\/v2\/users\/2"}],"replies":[{"embeddable":true,"href":"https:\/\/blogs.elcomercio.es\/largo_de_cafe\/wp-json\/wp\/v2\/comments?post=10320"}],"version-history":[{"count":1,"href":"https:\/\/blogs.elcomercio.es\/largo_de_cafe\/wp-json\/wp\/v2\/posts\/10320\/revisions"}],"predecessor-version":[{"id":10321,"href":"https:\/\/blogs.elcomercio.es\/largo_de_cafe\/wp-json\/wp\/v2\/posts\/10320\/revisions\/10321"}],"wp:attachment":[{"href":"https:\/\/blogs.elcomercio.es\/largo_de_cafe\/wp-json\/wp\/v2\/media?parent=10320"}],"wp:term":[{"taxonomy":"category","embeddable":true,"href":"https:\/\/blogs.elcomercio.es\/largo_de_cafe\/wp-json\/wp\/v2\/categories?post=10320"},{"taxonomy":"post_tag","embeddable":true,"href":"https:\/\/blogs.elcomercio.es\/largo_de_cafe\/wp-json\/wp\/v2\/tags?post=10320"}],"curies":[{"name":"wp","href":"https:\/\/api.w.org\/{rel}","templated":true}]}}