{"id":105,"date":"2007-10-11T23:39:46","date_gmt":"2007-10-11T23:39:46","guid":{"rendered":"http:\/\/blogs.elcomercio.es\/largo_de_cafe\/?p=105"},"modified":"2007-10-11T23:39:46","modified_gmt":"2007-10-11T23:39:46","slug":"la-reconciliacion-nacional","status":"publish","type":"post","link":"https:\/\/blogs.elcomercio.es\/largo_de_cafe\/2007\/10\/11\/la-reconciliacion-nacional\/","title":{"rendered":"LA RECONCILIACI\u00d3N NACIONAL"},"content":{"rendered":"<p>    Con motivo del inminente debate parlamentario sobre la Ley de la Memoria Hist\u00f3rica, la Iglesia Cat\u00f3lica anima a los partidos pol\u00edticos a huir del revanchismo y apostar por la paz y la concordia. La Iglesia recuerda que los s\u00edmbolos van asociados a  sentimientos, as\u00ed que la obligaci\u00f3n oficial de suprimirlos puede dar paso a una \u00e9poca de discordia.<br \/>\n      El planteamiento de la Iglesia coincide con la pol\u00edtica asumida por todos los partidos y organizaciones sindicales tras la muerte de Franco. Esa pol\u00edtica tuvo un nombre: reconciliaci\u00f3n nacional, y no naci\u00f3 de las sabios consejos del cardenal Taranc\u00f3n ni del entorno del Gobierno de entonces, sino del grupo pol\u00edtico que lideraba la estrategia de la oposici\u00f3n: el Partido Comunista de Espa\u00f1a. El pacto por la libertad, animado por Santiago Carrillo, descansaba en una premisa: la reconciliaci\u00f3n nacional, el olvido de las trincheras de los a\u00f1os treinta y de la opresi\u00f3n de la Dictadura, para construir entre todos el futuro sin mirar hacia el pasado. La guerra civil y la paz edificada sobre la victoria de las armas dejaron m\u00faltiples heridas, as\u00ed que lo mejor era poner la revisi\u00f3n del pasado en manos de los historiadores y de las iniciativas de la sociedad civil, sin implicarse las instituciones pol\u00edticas. La reconciliaci\u00f3n nacional fue una iniciativa de izquierdas, a la que luego se adhiri\u00f3 la derecha. La reconciliaci\u00f3n nacional tiene un precedente en los \u00faltimos discursos de Aza\u00f1a, cuando quiso dejarla como legado para las siguientes generaciones de espa\u00f1oles.<br \/>\n      Con la Ley de Memoria Hist\u00f3rica se reabre un cap\u00edtulo que parec\u00eda definitivamente cerrado. No hay una causa de inter\u00e9s general que justifique esta ley. Es un intento de volver a los temas de la transici\u00f3n, treinta a\u00f1os m\u00e1s tarde, cuando las urgencias pol\u00edticas ya son otras. La batalla sobre el pasado fue ganada por las generaciones de la transici\u00f3n y la mejor prueba de ello es la Constituci\u00f3n. En Espa\u00f1a hay una gran divisi\u00f3n pol\u00edtica, que amenaza con trasladarse a la sociedad, como lo evidencian las grandes movilizaciones desarrolladas en la calle durante esta legislatura. En este clima, la aprobaci\u00f3n de la Ley de Memoria Hist\u00f3rica no ayuda a sosegar los \u00e1nimos, aunque parezca muy progresista<\/p>\n<!-- AddThis Advanced Settings generic via filter on the_content --><!-- AddThis Share Buttons generic via filter on the_content -->","protected":false},"excerpt":{"rendered":"<p>Con motivo del inminente debate parlamentario sobre la Ley de la Memoria Hist\u00f3rica, la Iglesia Cat\u00f3lica anima a los partidos pol\u00edticos a huir del revanchismo y apostar por la paz y la concordia. La Iglesia recuerda que los s\u00edmbolos van asociados a sentimientos, as\u00ed que la obligaci\u00f3n oficial de suprimirlos puede dar paso a una [&hellip;]<!-- AddThis Advanced Settings generic via filter on get_the_excerpt --><!-- AddThis Share Buttons generic via filter on get_the_excerpt --><\/p>\n","protected":false},"author":2,"featured_media":0,"comment_status":"open","ping_status":"closed","sticky":false,"template":"","format":"standard","meta":[],"categories":[4],"tags":[],"_links":{"self":[{"href":"https:\/\/blogs.elcomercio.es\/largo_de_cafe\/wp-json\/wp\/v2\/posts\/105"}],"collection":[{"href":"https:\/\/blogs.elcomercio.es\/largo_de_cafe\/wp-json\/wp\/v2\/posts"}],"about":[{"href":"https:\/\/blogs.elcomercio.es\/largo_de_cafe\/wp-json\/wp\/v2\/types\/post"}],"author":[{"embeddable":true,"href":"https:\/\/blogs.elcomercio.es\/largo_de_cafe\/wp-json\/wp\/v2\/users\/2"}],"replies":[{"embeddable":true,"href":"https:\/\/blogs.elcomercio.es\/largo_de_cafe\/wp-json\/wp\/v2\/comments?post=105"}],"version-history":[{"count":0,"href":"https:\/\/blogs.elcomercio.es\/largo_de_cafe\/wp-json\/wp\/v2\/posts\/105\/revisions"}],"wp:attachment":[{"href":"https:\/\/blogs.elcomercio.es\/largo_de_cafe\/wp-json\/wp\/v2\/media?parent=105"}],"wp:term":[{"taxonomy":"category","embeddable":true,"href":"https:\/\/blogs.elcomercio.es\/largo_de_cafe\/wp-json\/wp\/v2\/categories?post=105"},{"taxonomy":"post_tag","embeddable":true,"href":"https:\/\/blogs.elcomercio.es\/largo_de_cafe\/wp-json\/wp\/v2\/tags?post=105"}],"curies":[{"name":"wp","href":"https:\/\/api.w.org\/{rel}","templated":true}]}}