{"id":10611,"date":"2025-01-19T23:55:03","date_gmt":"2025-01-19T22:55:03","guid":{"rendered":"https:\/\/blogs.elcomercio.es\/largo_de_cafe\/?p=10611"},"modified":"2025-01-19T23:55:04","modified_gmt":"2025-01-19T22:55:04","slug":"la-quimica-entre-la-fsa-y-sanchez","status":"publish","type":"post","link":"https:\/\/blogs.elcomercio.es\/largo_de_cafe\/2025\/01\/19\/la-quimica-entre-la-fsa-y-sanchez\/","title":{"rendered":"LA &#8220;QU\u00cdMICA&#8221; ENTRE LA FSA Y S\u00c1NCHEZ"},"content":{"rendered":"\n<p>El discurrir de los congresos de los partidos pol\u00edticos estuvo marcado en Espa\u00f1a por los avatares de los congresos socialistas que tra\u00edan una tradici\u00f3n de la \u00e9poca del exilio. En la transici\u00f3n, los congresos ten\u00edan una fuerte impronta ideol\u00f3gica (la discusi\u00f3n sobre la definici\u00f3n marxista del PSOE, en 1979, que llev\u00f3 a la retirada provisional de Felipe Gonz\u00e1lez dando paso a una gestora) que cristaliz\u00f3 en una lucha por el poder en la comisi\u00f3n ejecutiva (guerristas contra renovadores).<\/p>\n\n\n\n<p>En esa clave discurr\u00edan las citas congresistas hasta que alguien rescat\u00f3 del ba\u00fal de los recuerdos una vieja pr\u00e1ctica de los tiempos de la Segunda Rep\u00fablica y se organizaron las primarias entre Almunia y Borrell. A partir de entonces los congresos se articularon en torno al liderazgo. Esa fue la \u00e9poca en que el PSOE tuvo un funcionamiento interno m\u00e1s democr\u00e1tico. En el a\u00f1o 2000 hubo cuatro candidatos para la Secretar\u00eda General del PSOE, imponi\u00e9ndose Zapatero a Bono, Rosa D\u00edez y Matilde Fern\u00e1ndez. Ese mismo a\u00f1o compitieron Javier Fern\u00e1ndez y \u00c1lvaro \u00c1lvarez por el liderazgo en la FSA. Hubo muchos m\u00e1s pulsos internos (Rubalcaba-Chac\u00f3n, Tom\u00e1s G\u00f3mez-Trinidad Jim\u00e9nez, S\u00e1nchez-Madina-Tapias, S\u00e1nchez-Susana D\u00edaz-Patxi L\u00f3pez, etc\u00e9tera).<\/p>\n\n\n\n<p>Posteriormente, el PSOE entr\u00f3 en otra fase, impulsado por Pedro S\u00e1nchez, en que las primarias sirvieron para concentrar todo el poder en el l\u00edder, quedando el Comit\u00e9 Federal convertido en un \u00f3rgano de asentimiento: &#8216;en el nombre de Espa\u00f1a, en el inter\u00e9s de Espa\u00f1a, defiendo hoy la amnist\u00eda\u2026&#8217; Todos los miembros del Comit\u00e9 Federal se pusieron en pie e irrumpieron en una ovaci\u00f3n interminable. Un acto de vasallaje incompatible con el PSOE cr\u00edtico, plural, que hubo hasta el otro d\u00eda.<\/p>\n\n\n\n<p>Desde entonces se trabaja en Ferraz con el esquema del candidato \u00fanico para los congresos. Si hay dos es una anomal\u00eda. Por eso se retiraron Lobato, Tudanca o Espadas tras haber anunciado que competir\u00edan por la jefatura de sus regiones.<\/p>\n\n\n\n<p><strong>Mayor\u00eda<\/strong><br>En ese marco fue elegido Adri\u00e1n Barb\u00f3n, por tercera vez, secretario general de la FSA, por una abrumadora mayor\u00eda de votos. S\u00f3lo tuvo un voto en contra, que pudo ser fruto de la equivocaci\u00f3n o de cuitas personales, vaya usted a saber.<\/p>\n\n\n\n<p>El camino a recorrer est\u00e1 marcado en los discursos de S\u00e1nchez y Barb\u00f3n al abrir el 34 Congreso de la FSA. Ambos partieron de un an\u00e1lisis optimista de la situaci\u00f3n de Espa\u00f1a y Asturias y, a partir de ah\u00ed, toca poner rumbo hacia el a\u00f1o electoral de 2027 (auton\u00f3micas, municipales y nacionales). Esp\u00edritu militante para la tarea.<\/p>\n\n\n\n<p>Antes de tratar otros asuntos, me gustar\u00eda se\u00f1alar que me sorprendi\u00f3 agradablemente el discurso de S\u00e1nchez, capaz de hablar media hora sin nombrar a Ayuso ni a la comunidad aut\u00f3noma de Madrid. Hubo descalificaciones para el PP y Vox, como ellos se las hacen a \u00e9l, pero lo principal de su parlamento no estuvo en esas referencias. Las afirmaciones que hizo son discutibles, pero esa es la esencia del debate pol\u00edtico. O estoy muy equivocado, o los cuadros del partido, presentes en el Centro Cultural Niemeyer, salieron satisfechos.<\/p>\n\n\n\n<p><strong>Identificaci\u00f3n<\/strong><br>La qu\u00edmica entre la FSA y S\u00e1nchez vuelve a ser como en los tiempos en que Adriana Lastra era vicesecretaria general del PSOE y portavoz del Grupo Socialista en el Congreso de los Diputados. En la recuperaci\u00f3n de los intensos afectos tiene mucho que ver la vicesecretaria general de la FSA. Como estamos hablando de un partido pol\u00edtico y de una dirigente del mismo, digamos que los afectos se entrelazan con la estrategia. Siete meses de Adriana de delegada del Gobierno sirvieron para que la FSA vuelva a estar en la vanguardia del &#8216;sanchismo&#8217;.<\/p>\n\n\n\n<p>Por cierto, oyendo a Barb\u00f3n dirigi\u00e9ndose a los delegados, con Pedro S\u00e1nchez como testigo, me vinieron a la cabeza, por contraste, los &#8216;canutazos&#8217; de \u00c1ngel V\u00edctor Torres, Jordi Hereu, Diana Morant, Pilar Alegr\u00eda y un largo etc\u00e9tera de ministros.<\/p>\n\n\n\n<p>Ya s\u00e9 que se puede ser un buen ministro y un mal comunicador, pero no hay gabinete que resista con tanto titular de cartera incapaz de a\u00f1adir algo a las frases estereotipadas del argumentario oficial.<\/p>\n\n\n\n<p><strong>Reforzar<\/strong><br>Durante el fin de semana se habl\u00f3 de reforzar la direcci\u00f3n de la FSA con consejeros del Principado. Una operaci\u00f3n que estar\u00eda movida por el objetivo de dar m\u00e1s peso pol\u00edtico a la direcci\u00f3n del partido. Desconozco el nivel pol\u00edtico de los dirigentes de la Federaci\u00f3n, pero estoy seguro que puestos a reforzar con fibra pol\u00edtica, nadie m\u00e1s necesitado que el Gobierno del Principado. Es una carencia de la que han adolecido todos los equipos presididos por Barb\u00f3n.<\/p>\n\n\n\n<p>Ya ocurr\u00eda en los gobiernos de Javier Fern\u00e1ndez, por eso la entrada de Fernando Lastra en el Ejecutivo, en los \u00faltimos tiempos del segundo mandato de Fern\u00e1ndez, sirvi\u00f3 para impulsar temas que llevaban a\u00f1os, lustros y d\u00e9cadas detenidos.<\/p>\n\n\n\n<p>El optimismo congresual no soluciona problemas. Tampoco el pesimismo, desde luego. S\u00e1nchez, como siempre, pas\u00f3 de puntillas por la pol\u00edtica territorial, dejando una escueta referencia sobre el aumento del gasto en servicios sociales. Esconder la cabeza como el avestruz no ayudar\u00e1 a ganar las elecciones de 2027.<\/p>\n\n\n\n<p>El Gobierno de Barb\u00f3n se acerca al ecuador del mandato. Los segundos mandatos suelen producir un mayor desgaste a los gobiernos. No s\u00e9 si reflexionaron sobre esto en Avil\u00e9s. De ah\u00ed la necesidad de reforzar el Gobierno y de incorporar a gente que sepa enhebrar un discurso sobre la industria tras el cambio de agenda de Arcelor.<\/p>\n<!-- AddThis Advanced Settings generic via filter on the_content --><!-- AddThis Share Buttons generic via filter on the_content -->","protected":false},"excerpt":{"rendered":"<p>El discurrir de los congresos de los partidos pol\u00edticos estuvo marcado en Espa\u00f1a por los avatares de los congresos socialistas que tra\u00edan una tradici\u00f3n de la \u00e9poca del exilio. En la transici\u00f3n, los congresos ten\u00edan una fuerte impronta ideol\u00f3gica (la discusi\u00f3n sobre la definici\u00f3n marxista del PSOE, en 1979, que llev\u00f3 a la retirada provisional [&hellip;]<!-- AddThis Advanced Settings generic via filter on get_the_excerpt --><!-- AddThis Share Buttons generic via filter on get_the_excerpt --><\/p>\n","protected":false},"author":2,"featured_media":0,"comment_status":"open","ping_status":"open","sticky":false,"template":"","format":"standard","meta":[],"categories":[1],"tags":[],"_links":{"self":[{"href":"https:\/\/blogs.elcomercio.es\/largo_de_cafe\/wp-json\/wp\/v2\/posts\/10611"}],"collection":[{"href":"https:\/\/blogs.elcomercio.es\/largo_de_cafe\/wp-json\/wp\/v2\/posts"}],"about":[{"href":"https:\/\/blogs.elcomercio.es\/largo_de_cafe\/wp-json\/wp\/v2\/types\/post"}],"author":[{"embeddable":true,"href":"https:\/\/blogs.elcomercio.es\/largo_de_cafe\/wp-json\/wp\/v2\/users\/2"}],"replies":[{"embeddable":true,"href":"https:\/\/blogs.elcomercio.es\/largo_de_cafe\/wp-json\/wp\/v2\/comments?post=10611"}],"version-history":[{"count":1,"href":"https:\/\/blogs.elcomercio.es\/largo_de_cafe\/wp-json\/wp\/v2\/posts\/10611\/revisions"}],"predecessor-version":[{"id":10612,"href":"https:\/\/blogs.elcomercio.es\/largo_de_cafe\/wp-json\/wp\/v2\/posts\/10611\/revisions\/10612"}],"wp:attachment":[{"href":"https:\/\/blogs.elcomercio.es\/largo_de_cafe\/wp-json\/wp\/v2\/media?parent=10611"}],"wp:term":[{"taxonomy":"category","embeddable":true,"href":"https:\/\/blogs.elcomercio.es\/largo_de_cafe\/wp-json\/wp\/v2\/categories?post=10611"},{"taxonomy":"post_tag","embeddable":true,"href":"https:\/\/blogs.elcomercio.es\/largo_de_cafe\/wp-json\/wp\/v2\/tags?post=10611"}],"curies":[{"name":"wp","href":"https:\/\/api.w.org\/{rel}","templated":true}]}}