{"id":10650,"date":"2025-02-04T22:17:55","date_gmt":"2025-02-04T21:17:55","guid":{"rendered":"https:\/\/blogs.elcomercio.es\/largo_de_cafe\/?p=10650"},"modified":"2025-02-04T22:17:55","modified_gmt":"2025-02-04T21:17:55","slug":"gobernar-es-prohibir","status":"publish","type":"post","link":"https:\/\/blogs.elcomercio.es\/largo_de_cafe\/2025\/02\/04\/gobernar-es-prohibir\/","title":{"rendered":"GOBERNAR ES PROHIBIR"},"content":{"rendered":"\n<p>os promotores de los parques de bater\u00edas presentaron 170 peticiones de instalaci\u00f3n en Asturias. Los parques de bater\u00edas son un instrumento clave para el presente y futuro energ\u00e9tico. El punto d\u00e9bil de la energ\u00eda renovable estaba en que los campos e\u00f3licos, o las placas solares,&nbsp;pod\u00edan alcanzar picos de generaci\u00f3n en momentos de baja demanda, as\u00ed que la energ\u00eda se perd\u00eda. Con los parques de bater\u00edas se almacena y puede conectarse a la red en los momentos en que sea demandada. El Principado decidi\u00f3 que los parques de bater\u00edas s\u00f3lo se pueden instalar en pol\u00edgonos industriales o en canteras, para evitar \u00abda\u00f1os irreparables al medio rural, los usos del suelo y las costumbres\u00bb. Desde la Uni\u00f3n Espa\u00f1ola Fotovoltaica (Unef) se se\u00f1ala que no todos los pol\u00edgonos tienen puntos de conexi\u00f3n necesarios para evacuar la energ\u00eda.<\/p>\n\n\n\n<p>Ante esta situaci\u00f3n la Consejer\u00eda de Ordenaci\u00f3n del Territorio, en manos de IU, est\u00e1 tramitando una modificaci\u00f3n del Reglamento de Ordenaci\u00f3n del Territorio y Urbanismo (ROTU) que permitir\u00e1, por primera vez, vetar durante los pr\u00f3ximos dos a\u00f1os a todos los proyectos que se quieran instalar en unas determinadas condiciones (fuera de los pol\u00edgonos industriales). Para el a\u00f1o 2027 conf\u00eda la Consejer\u00eda de Ordenaci\u00f3n del Territorio tener redactadas las directrices que regir\u00e1n para este tipo de proyectos energ\u00e9ticos. Simplificando: dos a\u00f1os de demora y, luego, una normativa estricta que solo permitir\u00e1 parques de bater\u00edas en unos pol\u00edgonos donde escasea el espacio y, muy importante, el metro cuadrado de suelo es mucho m\u00e1s caro que en el suelo no urbanizable. No hace falta ser adivino para anticipar que muchos los proyectos se ir\u00e1n a otras comunidades aut\u00f3nomas.<\/p>\n\n\n\n<p>Para hacer m\u00e1s visible la la sinraz\u00f3n del Principado, Javier Font, vicepresidente de Unef, se\u00f1ala que todos los proyectos solicitados implican 986 bater\u00edas que ocupar\u00edan 1,5 hect\u00e1reas, si se ponen juntas. Si se ubican separadas se extender\u00edan por 15 hect\u00e1reas: el 0,0014% de Asturias. Afirma que es falso que da\u00f1en al territorio o que contaminen el suelo. Visto en perspectiva: ayer este peri\u00f3dico abr\u00eda con la Ley de Turismo que frena los pisos tur\u00edsticos. En Gij\u00f3n, el Ayuntamiento puso una moratoria hasta que entr\u00f3 en vigor la ley, en noviembre. Desde entonces no se autoriz\u00f3 ni un solo piso tur\u00edstico. Las bater\u00edas tendr\u00e1n tambi\u00e9n su moratoria y, luego, aprobadas las directrices, recibiremos energ\u00eda de otras regiones, no vaya a ser que las bater\u00edas da\u00f1en nuestras costumbres. Gobierno de progreso.<\/p>\n<!-- AddThis Advanced Settings generic via filter on the_content --><!-- AddThis Share Buttons generic via filter on the_content -->","protected":false},"excerpt":{"rendered":"<p>os promotores de los parques de bater\u00edas presentaron 170 peticiones de instalaci\u00f3n en Asturias. Los parques de bater\u00edas son un instrumento clave para el presente y futuro energ\u00e9tico. El punto d\u00e9bil de la energ\u00eda renovable estaba en que los campos e\u00f3licos, o las placas solares,&nbsp;pod\u00edan alcanzar picos de generaci\u00f3n en momentos de baja demanda, as\u00ed [&hellip;]<!-- AddThis Advanced Settings generic via filter on get_the_excerpt --><!-- AddThis Share Buttons generic via filter on get_the_excerpt --><\/p>\n","protected":false},"author":2,"featured_media":0,"comment_status":"open","ping_status":"open","sticky":false,"template":"","format":"standard","meta":[],"categories":[1],"tags":[],"_links":{"self":[{"href":"https:\/\/blogs.elcomercio.es\/largo_de_cafe\/wp-json\/wp\/v2\/posts\/10650"}],"collection":[{"href":"https:\/\/blogs.elcomercio.es\/largo_de_cafe\/wp-json\/wp\/v2\/posts"}],"about":[{"href":"https:\/\/blogs.elcomercio.es\/largo_de_cafe\/wp-json\/wp\/v2\/types\/post"}],"author":[{"embeddable":true,"href":"https:\/\/blogs.elcomercio.es\/largo_de_cafe\/wp-json\/wp\/v2\/users\/2"}],"replies":[{"embeddable":true,"href":"https:\/\/blogs.elcomercio.es\/largo_de_cafe\/wp-json\/wp\/v2\/comments?post=10650"}],"version-history":[{"count":1,"href":"https:\/\/blogs.elcomercio.es\/largo_de_cafe\/wp-json\/wp\/v2\/posts\/10650\/revisions"}],"predecessor-version":[{"id":10651,"href":"https:\/\/blogs.elcomercio.es\/largo_de_cafe\/wp-json\/wp\/v2\/posts\/10650\/revisions\/10651"}],"wp:attachment":[{"href":"https:\/\/blogs.elcomercio.es\/largo_de_cafe\/wp-json\/wp\/v2\/media?parent=10650"}],"wp:term":[{"taxonomy":"category","embeddable":true,"href":"https:\/\/blogs.elcomercio.es\/largo_de_cafe\/wp-json\/wp\/v2\/categories?post=10650"},{"taxonomy":"post_tag","embeddable":true,"href":"https:\/\/blogs.elcomercio.es\/largo_de_cafe\/wp-json\/wp\/v2\/tags?post=10650"}],"curies":[{"name":"wp","href":"https:\/\/api.w.org\/{rel}","templated":true}]}}