{"id":10721,"date":"2025-03-05T22:24:53","date_gmt":"2025-03-05T21:24:53","guid":{"rendered":"https:\/\/blogs.elcomercio.es\/largo_de_cafe\/?p=10721"},"modified":"2025-03-05T22:24:53","modified_gmt":"2025-03-05T21:24:53","slug":"alarma-social","status":"publish","type":"post","link":"https:\/\/blogs.elcomercio.es\/largo_de_cafe\/2025\/03\/05\/alarma-social\/","title":{"rendered":"ALARMA SOCIAL"},"content":{"rendered":"\n<p>Ante las preguntas del diputado Centeno (Vox) sobre los parques de bater\u00edas, la reci\u00e9n nombrada consejera de la Transici\u00f3n Ecol\u00f3gica, Belarmina D\u00edaz, dio respuestas prudentes,&nbsp;cur\u00e1ndose en salud: \u00ablos parques son instalaciones estrat\u00e9gicas y claves en el desarrollo de la transici\u00f3n energ\u00e9tica\u00bb. Para el asunto problem\u00e1tico de la ubicaci\u00f3n, D\u00edaz encontr\u00f3 la f\u00f3rmula: \u00abni pueden ni deben estar en cualquier lugar\u00bb. No hay una sola infraestructura energ\u00e9tica que pueda o deba estar en cualquier lugar. Al contrario, casi todas son sometidas a un duro chequeo t\u00e9cnico y administrativo para poder localizarlas en alg\u00fan sitio del territorio. El Gobierno opta por suelos urbanos o urbanizables de uso industrial. La consejera considera \u00abcomprensible la alarma social\u00bb. No veo la raz\u00f3n para que sea inevitable, cuando el impacto sonoro es bajo, la interferencia visual es la propia de cualquier contenedor de tres metros de altura (se pueden poner pantallas vegetales), no hay da\u00f1o para la fauna y las famosas emisiones electromagn\u00e9ticas, con las que se aterroriza al personal, no han servido para recusar a las bater\u00edas en ning\u00fan pa\u00eds avanzado. Queda la cuesti\u00f3n de los posibles incendios, que debe quedar resuelta introduciendo medidas concretas en cada proyecto.<\/p>\n\n\n\n<p>La alarma social acompa\u00f1a a las novedades energ\u00e9ticas; el simple transcurrir del tiempo despeja los fantasmas. Cuando los vecinos se acostumbran a verlas el miedo se disipa. En caso contrario, la gente temblar\u00eda ante las imponentes torres de los tendidos de alta tensi\u00f3n, pero el paso de los a\u00f1os hace que no provoquen temor (en Estados Unidos, las l\u00edneas de alta tensi\u00f3n tienen una extensi\u00f3n equivalente a dar ocho veces la vuelta a la Tierra por el ecuador). Por cierto, las distancias que se barajan para los parques de bater\u00edas (mil metros de un n\u00facleo urbano o quinientos metros de explotaciones ganaderas) son muy superiores a las que rigen en otros pa\u00edses. El Principado y las empresas deber\u00edan informar con rigor sobre las consecuencias de los parques de bater\u00edas.<\/p>\n\n\n\n<p>En su comparecencia, Belarmina D\u00edaz expuso las tres prioridades de la Consejer\u00eda de la Transici\u00f3n Ecol\u00f3gica: entendimiento con los agentes sociales, reactivar el Foro por la Industria y contacto constante con empresas en crisis. \u00bfY el &#8216;anillo central&#8217;? Con el crecimiento tan espectacular que va a haber de consumo el\u00e9ctrico (producci\u00f3n verde, centros de datos), en Asturias vamos a seguir con infraestructuras superadas hace m\u00e1s de treinta a\u00f1os.<\/p>\n<!-- AddThis Advanced Settings generic via filter on the_content --><!-- AddThis Share Buttons generic via filter on the_content -->","protected":false},"excerpt":{"rendered":"<p>Ante las preguntas del diputado Centeno (Vox) sobre los parques de bater\u00edas, la reci\u00e9n nombrada consejera de la Transici\u00f3n Ecol\u00f3gica, Belarmina D\u00edaz, dio respuestas prudentes,&nbsp;cur\u00e1ndose en salud: \u00ablos parques son instalaciones estrat\u00e9gicas y claves en el desarrollo de la transici\u00f3n energ\u00e9tica\u00bb. Para el asunto problem\u00e1tico de la ubicaci\u00f3n, D\u00edaz encontr\u00f3 la f\u00f3rmula: \u00abni pueden ni [&hellip;]<!-- AddThis Advanced Settings generic via filter on get_the_excerpt --><!-- AddThis Share Buttons generic via filter on get_the_excerpt --><\/p>\n","protected":false},"author":2,"featured_media":0,"comment_status":"open","ping_status":"open","sticky":false,"template":"","format":"standard","meta":[],"categories":[1],"tags":[],"_links":{"self":[{"href":"https:\/\/blogs.elcomercio.es\/largo_de_cafe\/wp-json\/wp\/v2\/posts\/10721"}],"collection":[{"href":"https:\/\/blogs.elcomercio.es\/largo_de_cafe\/wp-json\/wp\/v2\/posts"}],"about":[{"href":"https:\/\/blogs.elcomercio.es\/largo_de_cafe\/wp-json\/wp\/v2\/types\/post"}],"author":[{"embeddable":true,"href":"https:\/\/blogs.elcomercio.es\/largo_de_cafe\/wp-json\/wp\/v2\/users\/2"}],"replies":[{"embeddable":true,"href":"https:\/\/blogs.elcomercio.es\/largo_de_cafe\/wp-json\/wp\/v2\/comments?post=10721"}],"version-history":[{"count":1,"href":"https:\/\/blogs.elcomercio.es\/largo_de_cafe\/wp-json\/wp\/v2\/posts\/10721\/revisions"}],"predecessor-version":[{"id":10722,"href":"https:\/\/blogs.elcomercio.es\/largo_de_cafe\/wp-json\/wp\/v2\/posts\/10721\/revisions\/10722"}],"wp:attachment":[{"href":"https:\/\/blogs.elcomercio.es\/largo_de_cafe\/wp-json\/wp\/v2\/media?parent=10721"}],"wp:term":[{"taxonomy":"category","embeddable":true,"href":"https:\/\/blogs.elcomercio.es\/largo_de_cafe\/wp-json\/wp\/v2\/categories?post=10721"},{"taxonomy":"post_tag","embeddable":true,"href":"https:\/\/blogs.elcomercio.es\/largo_de_cafe\/wp-json\/wp\/v2\/tags?post=10721"}],"curies":[{"name":"wp","href":"https:\/\/api.w.org\/{rel}","templated":true}]}}