{"id":10728,"date":"2025-03-09T00:48:12","date_gmt":"2025-03-08T23:48:12","guid":{"rendered":"https:\/\/blogs.elcomercio.es\/largo_de_cafe\/?p=10728"},"modified":"2025-03-09T00:48:12","modified_gmt":"2025-03-08T23:48:12","slug":"mercado-especulativo","status":"publish","type":"post","link":"https:\/\/blogs.elcomercio.es\/largo_de_cafe\/2025\/03\/09\/mercado-especulativo\/","title":{"rendered":"MERCADO ESPECULATIVO"},"content":{"rendered":"\n<p>El acceso a la vivienda se ha convertido en un quebradero de cabeza para los ciudadanos al elevarse el precio de las ventas y de los alquileres. Seg\u00fan el Instituto Nacional de Estad\u00edstica (INE), en Asturias, en el \u00faltimo cuatrimestre de 2024, el precio de venta de los pisos ha experimentado una subida del 11,7%, cuatro d\u00e9cimas por encima de la media nacional. En todas las comunidades aut\u00f3nomas se registraron alzas, siendo m\u00e1s acusadas en Andaluc\u00eda (13,4%) y menos en Baleares (8,6%). El precio de la vivienda de primera mano subi\u00f3 un 12,1% en nuestra regi\u00f3n, cuatro d\u00e9cimas m\u00e1s que la de segunda mano. En el conjunto de 2024 el incremento de los precios fue el segundo m\u00e1s elevado desde 2007, cuando se inici\u00f3 la crisis financiera. La subida de los precios no fue obst\u00e1culo para la venta de inmuebles. Al contrario, la cifra de compraventas creci\u00f3 un 18,6% en Asturias. El cuarto mayor aumento, por detr\u00e1s de Galicia, La Rioja y Castilla-La Mancha.<\/p>\n\n\n\n<p>Los precios se disparan y cada vez se venden m\u00e1s pisos. Es un comportamiento an\u00f3malo que la subida del precio tenga como respuesta la expansi\u00f3n de la demanda. Deber\u00eda ser al rev\u00e9s: cuando se elevan los precios (de cualquier bien) las compras se enfr\u00edan. Nada desanima m\u00e1s a un consumidor que el aumento del precio del bien que desea. La situaci\u00f3n es an\u00f3mala porque ante la escasez de la oferta (pocos inmuebles en el mercado), los ciudadanos interpretan que la subida de los precios es imparable y, entonces, la demanda se nutre de personas y empresas que compran pisos, no para habitarlos o alquilarlos, sino como inversi\u00f3n para obtener beneficios a corto plazo. No les interesa la utilidad de la vivienda, sino la plusval\u00eda que obtendr\u00e1n de ella. Ese es el mecanismo especulativo en que se mueve nuestro mercado de la vivienda.<\/p>\n\n\n\n<p>Paloma Mart\u00edn, responsable nacional del PP para la cuesti\u00f3n de la vivienda, vino a Asturias para presentar la alternativa de su partido. Se\u00f1al\u00f3 que desde la llegada de Pedro S\u00e1nchez al poder el precio de venta se elev\u00f3 un 37% y el alquiler el 41%. Inform\u00f3 que hay 80.000 viviendas habitadas por okupas y 25.000 por inquilinos que dejaron de pagar el alquiler. Un caso de inseguridad jur\u00eddica de libro. El PP propone construir muchas m\u00e1s viviendas, obligando a las Administraciones p\u00fablicas a poner suelo bald\u00edo en manos de los promotores. La reducci\u00f3n de la carga fiscal tambi\u00e9n est\u00e1 en el plan, como el blindaje de los planes de urbanismo. La vivienda es el tema m\u00e1s espinoso para la sociedad y donde la izquierda y la derecha est\u00e1n m\u00e1s alejadas.<\/p>\n<!-- AddThis Advanced Settings generic via filter on the_content --><!-- AddThis Share Buttons generic via filter on the_content -->","protected":false},"excerpt":{"rendered":"<p>El acceso a la vivienda se ha convertido en un quebradero de cabeza para los ciudadanos al elevarse el precio de las ventas y de los alquileres. Seg\u00fan el Instituto Nacional de Estad\u00edstica (INE), en Asturias, en el \u00faltimo cuatrimestre de 2024, el precio de venta de los pisos ha experimentado una subida del 11,7%, [&hellip;]<!-- AddThis Advanced Settings generic via filter on get_the_excerpt --><!-- AddThis Share Buttons generic via filter on get_the_excerpt --><\/p>\n","protected":false},"author":2,"featured_media":0,"comment_status":"open","ping_status":"open","sticky":false,"template":"","format":"standard","meta":[],"categories":[1],"tags":[],"_links":{"self":[{"href":"https:\/\/blogs.elcomercio.es\/largo_de_cafe\/wp-json\/wp\/v2\/posts\/10728"}],"collection":[{"href":"https:\/\/blogs.elcomercio.es\/largo_de_cafe\/wp-json\/wp\/v2\/posts"}],"about":[{"href":"https:\/\/blogs.elcomercio.es\/largo_de_cafe\/wp-json\/wp\/v2\/types\/post"}],"author":[{"embeddable":true,"href":"https:\/\/blogs.elcomercio.es\/largo_de_cafe\/wp-json\/wp\/v2\/users\/2"}],"replies":[{"embeddable":true,"href":"https:\/\/blogs.elcomercio.es\/largo_de_cafe\/wp-json\/wp\/v2\/comments?post=10728"}],"version-history":[{"count":1,"href":"https:\/\/blogs.elcomercio.es\/largo_de_cafe\/wp-json\/wp\/v2\/posts\/10728\/revisions"}],"predecessor-version":[{"id":10730,"href":"https:\/\/blogs.elcomercio.es\/largo_de_cafe\/wp-json\/wp\/v2\/posts\/10728\/revisions\/10730"}],"wp:attachment":[{"href":"https:\/\/blogs.elcomercio.es\/largo_de_cafe\/wp-json\/wp\/v2\/media?parent=10728"}],"wp:term":[{"taxonomy":"category","embeddable":true,"href":"https:\/\/blogs.elcomercio.es\/largo_de_cafe\/wp-json\/wp\/v2\/categories?post=10728"},{"taxonomy":"post_tag","embeddable":true,"href":"https:\/\/blogs.elcomercio.es\/largo_de_cafe\/wp-json\/wp\/v2\/tags?post=10728"}],"curies":[{"name":"wp","href":"https:\/\/api.w.org\/{rel}","templated":true}]}}