{"id":10782,"date":"2025-04-02T00:49:56","date_gmt":"2025-04-01T22:49:56","guid":{"rendered":"https:\/\/blogs.elcomercio.es\/largo_de_cafe\/?p=10782"},"modified":"2025-04-02T00:49:56","modified_gmt":"2025-04-01T22:49:56","slug":"voracidad-fiscal","status":"publish","type":"post","link":"https:\/\/blogs.elcomercio.es\/largo_de_cafe\/2025\/04\/02\/voracidad-fiscal\/","title":{"rendered":"VORACIDAD FISCAL"},"content":{"rendered":"\n<p>La rebaja fiscal catalana oblig\u00f3 al Principado a anunciar una bajada de tipos fiscales para las rentas m\u00e1s bajas. No estaba previsto. Tanto el presidente, como el consejero de Hacienda, siempre afirmaron que los impuestos en Asturias no eran altos. Ante cualquier insinuaci\u00f3n sobre la posibilidad de relajar la presi\u00f3n fiscal no se daban por aludidos. El discurso oficial incid\u00eda en mantener los grav\u00e1menes fiscales y hacer pol\u00edtica solidaria a partir de deducciones concretas en el IRPF. A esto \u00faltimo lo llamaron v\u00eda fiscal asturiana, como si lo tipos impositivos altos, para todas las clases sociales, y la deflactaci\u00f3n no hubieran sido las piezas claves para lograr m\u00e1ximos hist\u00f3ricos de recaudaci\u00f3n, como el a\u00f1o pasado.<\/p>\n\n\n\n<p>Guillermo Pel\u00e1ez, consejero de Hacienda y portavoz del Gobierno, contest\u00f3 a \u00c1lvaro Queipo, por las manifestaciones realizadas en la entrevista de EL COMERCIO, del pasado domingo. Considera contradictorio pedir rebajas fiscales y no apoyar el anuncio del Gobierno de dulcificar los tipos a las rentas bajas. Ning\u00fan grupo parlamentario aplaudi\u00f3 el anuncio del Ejecutivo, as\u00ed que no es extra\u00f1o el proceder de Queipo. Nadie sabe lo que pretende modificar el Gobierno ni c\u00f3mo lo va a hacer, porque el objetivo del anuncio no era otro que evitar quedar se\u00f1alados ante la opini\u00f3n p\u00fablica espa\u00f1ola como el gobierno auton\u00f3mico que realiza exacciones m\u00e1s altas a la gente m\u00e1s pobre.<\/p>\n\n\n\n<p>A la hora de diferenciar la alternativa fiscal del PP y la propuesta del Gobierno, argumenta que, aunque los populares dicen defender a las clases medias y trabajadoras, los que m\u00e1s salen ganando con ella son las rentas m\u00e1s altas, porque ahorran 360 euros m\u00e1s que el resto. As\u00ed que ahorrar 360 euros m\u00e1s, cuando se gana por encima de 60.000 euros anuales, es un ejemplo de pol\u00edtica clasista. Eso lo dice el portavoz de un Gobierno que aprueba los grav\u00e1menes m\u00e1s altos para las familias con menos recursos (ingresos inferiores a los 12.450 euros) y ocupa el cuarto lugar del pelot\u00f3n auton\u00f3mico en gravar las rentas medias y altas.<\/p>\n\n\n\n<p>Al referirse a la reforma fiscal anunciada, asegura Pel\u00e1ez que, \u00abcomo no pod\u00eda ser de otra forma se va a dirigir a la mayor\u00eda social\u00bb. Hasta ahora no fue as\u00ed. La tantas veces citada clase media y trabajadora asturiana es la que paga impuestos m\u00e1s altos en Espa\u00f1a. Se\u00f1al\u00f3 que va a negociar la reforma fiscal con su socio de Gobierno, IU, y con la diputada Tom\u00e9. En mesas separadas. IU y Tom\u00e9 comparten el deseo de elevar m\u00e1s la presi\u00f3n fiscal sobre las rentas altas. Tal vez lo logren.<\/p>\n<!-- AddThis Advanced Settings generic via filter on the_content --><!-- AddThis Share Buttons generic via filter on the_content -->","protected":false},"excerpt":{"rendered":"<p>La rebaja fiscal catalana oblig\u00f3 al Principado a anunciar una bajada de tipos fiscales para las rentas m\u00e1s bajas. No estaba previsto. Tanto el presidente, como el consejero de Hacienda, siempre afirmaron que los impuestos en Asturias no eran altos. Ante cualquier insinuaci\u00f3n sobre la posibilidad de relajar la presi\u00f3n fiscal no se daban por [&hellip;]<!-- AddThis Advanced Settings generic via filter on get_the_excerpt --><!-- AddThis Share Buttons generic via filter on get_the_excerpt --><\/p>\n","protected":false},"author":2,"featured_media":0,"comment_status":"open","ping_status":"open","sticky":false,"template":"","format":"standard","meta":[],"categories":[1],"tags":[],"_links":{"self":[{"href":"https:\/\/blogs.elcomercio.es\/largo_de_cafe\/wp-json\/wp\/v2\/posts\/10782"}],"collection":[{"href":"https:\/\/blogs.elcomercio.es\/largo_de_cafe\/wp-json\/wp\/v2\/posts"}],"about":[{"href":"https:\/\/blogs.elcomercio.es\/largo_de_cafe\/wp-json\/wp\/v2\/types\/post"}],"author":[{"embeddable":true,"href":"https:\/\/blogs.elcomercio.es\/largo_de_cafe\/wp-json\/wp\/v2\/users\/2"}],"replies":[{"embeddable":true,"href":"https:\/\/blogs.elcomercio.es\/largo_de_cafe\/wp-json\/wp\/v2\/comments?post=10782"}],"version-history":[{"count":1,"href":"https:\/\/blogs.elcomercio.es\/largo_de_cafe\/wp-json\/wp\/v2\/posts\/10782\/revisions"}],"predecessor-version":[{"id":10783,"href":"https:\/\/blogs.elcomercio.es\/largo_de_cafe\/wp-json\/wp\/v2\/posts\/10782\/revisions\/10783"}],"wp:attachment":[{"href":"https:\/\/blogs.elcomercio.es\/largo_de_cafe\/wp-json\/wp\/v2\/media?parent=10782"}],"wp:term":[{"taxonomy":"category","embeddable":true,"href":"https:\/\/blogs.elcomercio.es\/largo_de_cafe\/wp-json\/wp\/v2\/categories?post=10782"},{"taxonomy":"post_tag","embeddable":true,"href":"https:\/\/blogs.elcomercio.es\/largo_de_cafe\/wp-json\/wp\/v2\/tags?post=10782"}],"curies":[{"name":"wp","href":"https:\/\/api.w.org\/{rel}","templated":true}]}}