{"id":10784,"date":"2025-04-02T21:48:33","date_gmt":"2025-04-02T19:48:33","guid":{"rendered":"https:\/\/blogs.elcomercio.es\/largo_de_cafe\/?p=10784"},"modified":"2025-04-02T21:48:33","modified_gmt":"2025-04-02T19:48:33","slug":"frenar-a-las-privadas","status":"publish","type":"post","link":"https:\/\/blogs.elcomercio.es\/largo_de_cafe\/2025\/04\/02\/frenar-a-las-privadas\/","title":{"rendered":"FRENAR A LAS PRIVADAS"},"content":{"rendered":"\n<p>Dada la trayectoria que llevan las universidades era evidente que no pod\u00eda transcurrir mucho tiempo para que el Gobierno interviniera. Las universidades p\u00fablicas est\u00e1n estancadas y pierden alumnos, mientras que las privadas se multiplican, captan muchos alumnos (en los \u00faltimos seis a\u00f1os incrementaron en un 55% las matr\u00edculas), ofrecen m\u00e1s t\u00edtulos y cuentan con capital privado dispuesto a invertir en ense\u00f1anza universitaria. El &#8216;sorpasso&#8217; era inminente y Pedro S\u00e1nchez decidi\u00f3 que era el momento de pasar a la ofensiva. Tras equiparar a universidades privadas con \u00abchiringuitos\u00bb y \u00abmaquinas expendedoras de t\u00edtulos\u00bb, pese a que \u00e9l estudi\u00f3, se licenci\u00f3 y doctor\u00f3 en una de ellas, prepara un decreto donde va a fijar las bases para la apertura y el mantenimiento de las privadas.<\/p>\n\n\n\n<p>El objetivo del decreto no es otro que poner obst\u00e1culos para que los proyectos que se est\u00e1n tramitando (alrededor de diez) no lleguen a buen puerto. Cuando el presidente del Gobierno habla de chiringuitos es porque quiere frenar el crecimiento de las universidades privadas e insuflar nueva savia en las p\u00fablicas. Entre los requisitos que van a tener que acreditar es contar con plazas de vivienda para la d\u00e9cima parte del alumnado. Cuando hay m\u00e1s universidades que provincias resulta que un elemento fundamental de la oferta universitaria es el alojamiento.<\/p>\n\n\n\n<p>Veinticuatro horas despu\u00e9s de S\u00e1nchez, Pilar Alegr\u00eda, ministra de Educaci\u00f3n, asegur\u00f3 que \u00abesto no va de universidades p\u00fablicas o privadas, sino de universidades buenas o malas\u00bb. Un planteamiento que no enga\u00f1a a nadie porque el decreto va dirigido s\u00f3lo a regular las privadas. Se trata de impedir el avance de iniciativas independientes en el campo de la universidad. Ni S\u00e1nchez ni su ministra se dan cuenta de que la universidad p\u00fablica se ha deteriorado, empezando por la prueba de acceso que est\u00e1 adulterada con unas notas de Bachillerato infladas y un nivel de aprobados que roza el 100% y siguiendo por un sistema de estudios que es continuaci\u00f3n del dise\u00f1ado para la ESO y el Bachillerato por la Ley Cela\u00e1. A ello hay que a\u00f1adir lo caro que resulta a los contribuyentes que financian casi el total del invento. Ah\u00ed est\u00e1n los mil millones que le dio el Principado a la Universidad de Oviedo. Como los egresados de la privada ya les ganan en salarios y empleabilidad hay que cortar por lo sano. Sin competencia no hay posible comparanza. Una vez m\u00e1s el Gobierno dice lo que es bueno y malo. A ver si la Universidad Europea y la Universidad Antonio Nebrija se salvan.<\/p>\n<!-- AddThis Advanced Settings generic via filter on the_content --><!-- AddThis Share Buttons generic via filter on the_content -->","protected":false},"excerpt":{"rendered":"<p>Dada la trayectoria que llevan las universidades era evidente que no pod\u00eda transcurrir mucho tiempo para que el Gobierno interviniera. Las universidades p\u00fablicas est\u00e1n estancadas y pierden alumnos, mientras que las privadas se multiplican, captan muchos alumnos (en los \u00faltimos seis a\u00f1os incrementaron en un 55% las matr\u00edculas), ofrecen m\u00e1s t\u00edtulos y cuentan con capital [&hellip;]<!-- AddThis Advanced Settings generic via filter on get_the_excerpt --><!-- AddThis Share Buttons generic via filter on get_the_excerpt --><\/p>\n","protected":false},"author":2,"featured_media":0,"comment_status":"open","ping_status":"open","sticky":false,"template":"","format":"standard","meta":[],"categories":[1],"tags":[],"_links":{"self":[{"href":"https:\/\/blogs.elcomercio.es\/largo_de_cafe\/wp-json\/wp\/v2\/posts\/10784"}],"collection":[{"href":"https:\/\/blogs.elcomercio.es\/largo_de_cafe\/wp-json\/wp\/v2\/posts"}],"about":[{"href":"https:\/\/blogs.elcomercio.es\/largo_de_cafe\/wp-json\/wp\/v2\/types\/post"}],"author":[{"embeddable":true,"href":"https:\/\/blogs.elcomercio.es\/largo_de_cafe\/wp-json\/wp\/v2\/users\/2"}],"replies":[{"embeddable":true,"href":"https:\/\/blogs.elcomercio.es\/largo_de_cafe\/wp-json\/wp\/v2\/comments?post=10784"}],"version-history":[{"count":1,"href":"https:\/\/blogs.elcomercio.es\/largo_de_cafe\/wp-json\/wp\/v2\/posts\/10784\/revisions"}],"predecessor-version":[{"id":10785,"href":"https:\/\/blogs.elcomercio.es\/largo_de_cafe\/wp-json\/wp\/v2\/posts\/10784\/revisions\/10785"}],"wp:attachment":[{"href":"https:\/\/blogs.elcomercio.es\/largo_de_cafe\/wp-json\/wp\/v2\/media?parent=10784"}],"wp:term":[{"taxonomy":"category","embeddable":true,"href":"https:\/\/blogs.elcomercio.es\/largo_de_cafe\/wp-json\/wp\/v2\/categories?post=10784"},{"taxonomy":"post_tag","embeddable":true,"href":"https:\/\/blogs.elcomercio.es\/largo_de_cafe\/wp-json\/wp\/v2\/tags?post=10784"}],"curies":[{"name":"wp","href":"https:\/\/api.w.org\/{rel}","templated":true}]}}