{"id":10821,"date":"2025-04-18T21:08:38","date_gmt":"2025-04-18T19:08:38","guid":{"rendered":"https:\/\/blogs.elcomercio.es\/largo_de_cafe\/?p=10821"},"modified":"2025-04-18T21:08:39","modified_gmt":"2025-04-18T19:08:39","slug":"consejerias-polifuncionales","status":"publish","type":"post","link":"https:\/\/blogs.elcomercio.es\/largo_de_cafe\/2025\/04\/18\/consejerias-polifuncionales\/","title":{"rendered":"CONSEJER\u00cdAS POLIFUNCIONALES"},"content":{"rendered":"\n<p>A la hora de armar gobiernos Adri\u00e1n Barb\u00f3n ha demostrado una gran imaginaci\u00f3n para formar consejer\u00edas con competencias heterog\u00e9neas, al juntar, por ejemplo, ganader\u00eda con carreteras, ciencia con empleo o prevenci\u00f3n de incendios y cooperaci\u00f3n con ayuntamientos. Para gestionar asuntos tan dispares hacen falta pol\u00edticos generalistas con gran capacidad de trabajo. Parte del d\u00e9ficit de gesti\u00f3n del Principado viene de esa forma de organizar los equipos de gobierno. Una forma de proceder que le ha llevado a alg\u00fan reh\u00faso importante, como en febrero de 2024, cuando anunci\u00f3 una macroconsejer\u00eda juntando lo social con lo cultural y, al d\u00eda siguiente, tuvo que rectificar y dejar que hubiese una consejer\u00eda de asuntos sociales y otra dedicada a la cultura y el deporte.<\/p>\n\n\n\n<p>La crisis de gobierno (dimisi\u00f3n de la consejera, Belarmina D\u00edaz) la solucion\u00f3 Barb\u00f3n desguazando la Consejer\u00eda de Transici\u00f3n Ecol\u00f3gica, Industria y Comercio, al traspasar Industria al consejero de Ciencia (Borja S\u00e1nchez), reconvirtiendo la Transici\u00f3n Ecol\u00f3gica en Medio Ambiente (como en los gobiernos auton\u00f3micos del PP) y junt\u00e1ndolo con Movilidad y Gesti\u00f3n de Emergencias, todo a cargo de Alejandro Calvo. Barb\u00f3n que es un optimista visceral, dijo que ten\u00eda mucho sentido juntar Ciencia con Industria y Medio Ambiente con Movilidad, cuando est\u00e1n separados en todos los gobiernos. A otra escala, los cient\u00edficos nunca son ministros de Industria, porque es una materia aut\u00f3noma, que deben gestionar personas con experiencia de trabajo en ella. A Borja S\u00e1nchez, con todo lo que tiene encima (Ciencia, Universidad, Empleo), no se le puede pedir que conozca los grandes expedientes industriales europeos que afectan a nuestra regi\u00f3n. Sectores enteros est\u00e1n en una situaci\u00f3n cr\u00edtica de la que solo podr\u00e1n salir con pol\u00edticas adecuadas. Mar\u00eda Calvo, presidenta de la Fade, pide que haya una Consejer\u00eda de Industria, pero el Principado maneja otros conceptos, creyendo que la gesti\u00f3n industrial corresponde a cient\u00edficos, que es tan &#8216;contra natura&#8217; como poner a un ingeniero al frente del Consejo Superior de Investigaciones Cient\u00edficas.<\/p>\n\n\n\n<p>Juntar Movilidad (sistemas de transporte, infraestructuras) y Gesti\u00f3n de Emergencias con Medio Ambiente, es como unir ferrocarriles y ambulancias con Reservas de la Biosfera. Barb\u00f3n cree que tiene mucho sentido y le creo, no en balde al empezar la legislatura asumi\u00f3 \u00e9l las competencias de Cultura, Pol\u00edtica Ling\u00fc\u00edstica y Deportes. El experimento dur\u00f3 unas semanas.<\/p>\n<!-- AddThis Advanced Settings generic via filter on the_content --><!-- AddThis Share Buttons generic via filter on the_content -->","protected":false},"excerpt":{"rendered":"<p>A la hora de armar gobiernos Adri\u00e1n Barb\u00f3n ha demostrado una gran imaginaci\u00f3n para formar consejer\u00edas con competencias heterog\u00e9neas, al juntar, por ejemplo, ganader\u00eda con carreteras, ciencia con empleo o prevenci\u00f3n de incendios y cooperaci\u00f3n con ayuntamientos. Para gestionar asuntos tan dispares hacen falta pol\u00edticos generalistas con gran capacidad de trabajo. Parte del d\u00e9ficit de [&hellip;]<!-- AddThis Advanced Settings generic via filter on get_the_excerpt --><!-- AddThis Share Buttons generic via filter on get_the_excerpt --><\/p>\n","protected":false},"author":2,"featured_media":0,"comment_status":"open","ping_status":"open","sticky":false,"template":"","format":"standard","meta":[],"categories":[1],"tags":[],"_links":{"self":[{"href":"https:\/\/blogs.elcomercio.es\/largo_de_cafe\/wp-json\/wp\/v2\/posts\/10821"}],"collection":[{"href":"https:\/\/blogs.elcomercio.es\/largo_de_cafe\/wp-json\/wp\/v2\/posts"}],"about":[{"href":"https:\/\/blogs.elcomercio.es\/largo_de_cafe\/wp-json\/wp\/v2\/types\/post"}],"author":[{"embeddable":true,"href":"https:\/\/blogs.elcomercio.es\/largo_de_cafe\/wp-json\/wp\/v2\/users\/2"}],"replies":[{"embeddable":true,"href":"https:\/\/blogs.elcomercio.es\/largo_de_cafe\/wp-json\/wp\/v2\/comments?post=10821"}],"version-history":[{"count":1,"href":"https:\/\/blogs.elcomercio.es\/largo_de_cafe\/wp-json\/wp\/v2\/posts\/10821\/revisions"}],"predecessor-version":[{"id":10822,"href":"https:\/\/blogs.elcomercio.es\/largo_de_cafe\/wp-json\/wp\/v2\/posts\/10821\/revisions\/10822"}],"wp:attachment":[{"href":"https:\/\/blogs.elcomercio.es\/largo_de_cafe\/wp-json\/wp\/v2\/media?parent=10821"}],"wp:term":[{"taxonomy":"category","embeddable":true,"href":"https:\/\/blogs.elcomercio.es\/largo_de_cafe\/wp-json\/wp\/v2\/categories?post=10821"},{"taxonomy":"post_tag","embeddable":true,"href":"https:\/\/blogs.elcomercio.es\/largo_de_cafe\/wp-json\/wp\/v2\/tags?post=10821"}],"curies":[{"name":"wp","href":"https:\/\/api.w.org\/{rel}","templated":true}]}}