{"id":10825,"date":"2025-04-22T00:16:21","date_gmt":"2025-04-21T22:16:21","guid":{"rendered":"https:\/\/blogs.elcomercio.es\/largo_de_cafe\/?p=10825"},"modified":"2025-04-22T00:16:21","modified_gmt":"2025-04-21T22:16:21","slug":"polvora-ajena","status":"publish","type":"post","link":"https:\/\/blogs.elcomercio.es\/largo_de_cafe\/2025\/04\/22\/polvora-ajena\/","title":{"rendered":"P\u00d3LVORA AJENA"},"content":{"rendered":"\n<p>La empresa constructora Sedes es un ente semip\u00fablico (60% de los t\u00edtulos est\u00e1n en manos del Principado y el 40% restante es propiedad de Unicaja) que ha creado m\u00faltiples problemas a los distintos gobiernos regionales por su situaci\u00f3n econ\u00f3mica (deudas, impagos, p\u00e9rdidas, etc.), siempre al borde del precipicio. Se cre\u00f3 en 1947, uno de los a\u00f1os en que la econom\u00eda espa\u00f1ola estaba m\u00e1s atascada, con problemas graves para alimentar a la poblaci\u00f3n. Sedes se dedic\u00f3, desde entonces, a la promoci\u00f3n y construcci\u00f3n de viviendas, habiendo llegado a una situaci\u00f3n penosa, como se ve en los \u00faltimos once ejercicios, donde s\u00f3lo en tres tuvo beneficios. Desde el a\u00f1o 2013 acumul\u00f3 p\u00e9rdidas por valor de 34,6 milllones de euros. Tiene una deuda de seis millones con Unicaja y de 3,1 millones con proveedores que est\u00e1 pagando al vender activos en Oviedo, Cudillero, Colombres. Para evitar el concurso de acreedores ha logrado aplazar el 65% de los pagos a acreedores, habiendo resarcido al 35% restante con un cr\u00e9dito de 2,3 millones concedido por Unicaja y avalado el 60% por el Principado. El plan de Ovidio Zapico, consejero de Ordenaci\u00f3n del Territorio, Urbanismo, Vivienda y Derechos Ciudadanos, consiste en que el Principado se haga con el 100% de la constructora, comprando a Unicaja su parte, con el objeto de que se convierta en un ente auxiliar de la Empresa de la Vivienda (Vipasa), para realizar reparaciones urgentes o asumir licitaciones que quedan desiertas. A corto plazo, Sedes tiene un problema pendiente de resolver que son los seis millones que le debe a Unicaja por los pr\u00e9stamos concedidos \u00bfQu\u00e9 decir de todo esto?<\/p>\n\n\n\n<p>Las distintas premisas del problema parecen sacadas del teatro del absurdo, porque aqu\u00ed los acreedores son los mismos que piden cr\u00e9dito para pagar a otros acreedores y aplazan los pagos a unos terceros acreedores. Todo se lo guisan y se lo comen el Principado y Unicaja. Supongo que Unicaja se sentir\u00e1 m\u00e1s o menos tranquila al saber que detr\u00e1s de todo est\u00e1 el Principado que no dejar\u00e1 caer a una empresa semip\u00fablica, porque tiene 45 trabajadores en n\u00f3mina. Tambi\u00e9n creo que este &#8216;muerto&#8217; a Unicaja le viene de la \u00e9poca brillante de las cajas de ahorro, donde el consejo de administraci\u00f3n estaba formado por pol\u00edticos. Al tratarse de Sedes, pienso en Cajastur.<\/p>\n\n\n\n<p>No existe un plan de viabilidad para Sedes, s\u00f3lo hay prop\u00f3sitos de pol\u00edticos que aprueban cr\u00e9ditos o condonan deudas con p\u00f3lvora ajena. Por eso quieren que Sedes acuda a licitaciones que quedan desiertas. As\u00ed crecer\u00e1 su pasivo.<\/p>\n<!-- AddThis Advanced Settings generic via filter on the_content --><!-- AddThis Share Buttons generic via filter on the_content -->","protected":false},"excerpt":{"rendered":"<p>La empresa constructora Sedes es un ente semip\u00fablico (60% de los t\u00edtulos est\u00e1n en manos del Principado y el 40% restante es propiedad de Unicaja) que ha creado m\u00faltiples problemas a los distintos gobiernos regionales por su situaci\u00f3n econ\u00f3mica (deudas, impagos, p\u00e9rdidas, etc.), siempre al borde del precipicio. Se cre\u00f3 en 1947, uno de los [&hellip;]<!-- AddThis Advanced Settings generic via filter on get_the_excerpt --><!-- AddThis Share Buttons generic via filter on get_the_excerpt --><\/p>\n","protected":false},"author":2,"featured_media":0,"comment_status":"open","ping_status":"open","sticky":false,"template":"","format":"standard","meta":[],"categories":[1],"tags":[],"_links":{"self":[{"href":"https:\/\/blogs.elcomercio.es\/largo_de_cafe\/wp-json\/wp\/v2\/posts\/10825"}],"collection":[{"href":"https:\/\/blogs.elcomercio.es\/largo_de_cafe\/wp-json\/wp\/v2\/posts"}],"about":[{"href":"https:\/\/blogs.elcomercio.es\/largo_de_cafe\/wp-json\/wp\/v2\/types\/post"}],"author":[{"embeddable":true,"href":"https:\/\/blogs.elcomercio.es\/largo_de_cafe\/wp-json\/wp\/v2\/users\/2"}],"replies":[{"embeddable":true,"href":"https:\/\/blogs.elcomercio.es\/largo_de_cafe\/wp-json\/wp\/v2\/comments?post=10825"}],"version-history":[{"count":1,"href":"https:\/\/blogs.elcomercio.es\/largo_de_cafe\/wp-json\/wp\/v2\/posts\/10825\/revisions"}],"predecessor-version":[{"id":10826,"href":"https:\/\/blogs.elcomercio.es\/largo_de_cafe\/wp-json\/wp\/v2\/posts\/10825\/revisions\/10826"}],"wp:attachment":[{"href":"https:\/\/blogs.elcomercio.es\/largo_de_cafe\/wp-json\/wp\/v2\/media?parent=10825"}],"wp:term":[{"taxonomy":"category","embeddable":true,"href":"https:\/\/blogs.elcomercio.es\/largo_de_cafe\/wp-json\/wp\/v2\/categories?post=10825"},{"taxonomy":"post_tag","embeddable":true,"href":"https:\/\/blogs.elcomercio.es\/largo_de_cafe\/wp-json\/wp\/v2\/tags?post=10825"}],"curies":[{"name":"wp","href":"https:\/\/api.w.org\/{rel}","templated":true}]}}