{"id":10828,"date":"2025-04-22T22:11:32","date_gmt":"2025-04-22T20:11:32","guid":{"rendered":"https:\/\/blogs.elcomercio.es\/largo_de_cafe\/?p=10828"},"modified":"2025-04-22T22:11:32","modified_gmt":"2025-04-22T20:11:32","slug":"recetas-de-sectarismo","status":"publish","type":"post","link":"https:\/\/blogs.elcomercio.es\/largo_de_cafe\/2025\/04\/22\/recetas-de-sectarismo\/","title":{"rendered":"RECETAS DE SECTARISMO"},"content":{"rendered":"\n<p>Tras una consulta interna en Somos Asturies, qued\u00f3 confirmado el apoyo de la diputada Tom\u00e9 a la comisi\u00f3n parlamentaria de investigaci\u00f3n sobre el accidente en&nbsp;la mina de Cerredo. Las presiones de los partidos que est\u00e1n en el Gobierno no han servido para que cambiara de criterio. Desde una perspectiva democr\u00e1tica era fundamental que el Parlamento no renunciara a investigar, teniendo en cuenta que se trata de un asunto muy grave (cinco muertos y cuatro heridos) y de m\u00e1xima importancia para la sociedad. No tiene sentido que los dirigentes de PSOE e IU digan que hay que \u00abconocer la verdad\u00bb y \u00abllegar hasta el final\u00bb y, a la vez, se opongan a que los diputados investiguen lo que sucedi\u00f3 en la mina de Cerredo en los \u00faltimos a\u00f1os. Es muy llamativa la desconfianza del Gobierno hacia las conclusiones que salgan de la investigaci\u00f3n en el Parlamento, cuando en esta legislatura siempre tuvo mayor\u00eda en la C\u00e1mara.<\/p>\n\n\n\n<p>Ovidio Zapico (IU) tiene una particular visi\u00f3n sobre las comisiones de investigaci\u00f3n en la Junta General del Principado: para ser eficaces deben partir del acuerdo entre las formaciones de izquierda. Es decir, el Gobierno s\u00f3lo aceptar\u00eda investigar cualquier asunto si cuenta con el respaldo de la mayor\u00eda absoluta de los esca\u00f1os. Si una cuesti\u00f3n, por ejemplo, como el del siniestro en la mina, no consideran los socialistas que es conveniente que se airee en el Parlamento, podr\u00edan recurrir a la cl\u00e1usula de falta de consenso entre las fuerzas de izquierda para que los 23 esca\u00f1os vetaran la comisi\u00f3n. En definitiva, seg\u00fan Zapico, la izquierda, en bloque, debe decidir cu\u00e1ndo se investiga y cu\u00e1ndo se mira para otro lado. Con una pauta tan sectaria es imposible que se valoren las cuestiones candentes de la actualidad con un m\u00ednimo de ecuanimidad.<\/p>\n\n\n\n<p>El l\u00edder de IU asegura que \u00abVox har\u00e1 inservible la negociaci\u00f3n\u00bb. Destaco esta frase, porque tanto IU, como el PSOE, tratan de trasladar la idea de que el Partido Popular y Vox son incompatibles con un trabajo serio en la comisi\u00f3n de investigaci\u00f3n; el propio presidente se refiri\u00f3 al riesgo de que la comisi\u00f3n \u00abse convierta en el circo que pretenden\u00bb. Afirmaciones simples, carentes de una m\u00ednima base argumental \u00bfSi son tan circenses los diputados del PP y Vox, por qu\u00e9 no hacen de los plenos de la Junta General del Principado un espect\u00e1culo? \u00bfC\u00f3mo logran llevar con rigor investigaciones parlamentarias en el Senado?<\/p>\n\n\n\n<p>Todo indica que la investigaci\u00f3n en la Junta sobre la tragedia de Cerredo se va llevar a cabo. Un logro democr\u00e1tico que debemos a Covadonga Tom\u00e9.<\/p>\n<!-- AddThis Advanced Settings generic via filter on the_content --><!-- AddThis Share Buttons generic via filter on the_content -->","protected":false},"excerpt":{"rendered":"<p>Tras una consulta interna en Somos Asturies, qued\u00f3 confirmado el apoyo de la diputada Tom\u00e9 a la comisi\u00f3n parlamentaria de investigaci\u00f3n sobre el accidente en&nbsp;la mina de Cerredo. Las presiones de los partidos que est\u00e1n en el Gobierno no han servido para que cambiara de criterio. Desde una perspectiva democr\u00e1tica era fundamental que el Parlamento [&hellip;]<!-- AddThis Advanced Settings generic via filter on get_the_excerpt --><!-- AddThis Share Buttons generic via filter on get_the_excerpt --><\/p>\n","protected":false},"author":2,"featured_media":0,"comment_status":"open","ping_status":"open","sticky":false,"template":"","format":"standard","meta":[],"categories":[1],"tags":[],"_links":{"self":[{"href":"https:\/\/blogs.elcomercio.es\/largo_de_cafe\/wp-json\/wp\/v2\/posts\/10828"}],"collection":[{"href":"https:\/\/blogs.elcomercio.es\/largo_de_cafe\/wp-json\/wp\/v2\/posts"}],"about":[{"href":"https:\/\/blogs.elcomercio.es\/largo_de_cafe\/wp-json\/wp\/v2\/types\/post"}],"author":[{"embeddable":true,"href":"https:\/\/blogs.elcomercio.es\/largo_de_cafe\/wp-json\/wp\/v2\/users\/2"}],"replies":[{"embeddable":true,"href":"https:\/\/blogs.elcomercio.es\/largo_de_cafe\/wp-json\/wp\/v2\/comments?post=10828"}],"version-history":[{"count":1,"href":"https:\/\/blogs.elcomercio.es\/largo_de_cafe\/wp-json\/wp\/v2\/posts\/10828\/revisions"}],"predecessor-version":[{"id":10829,"href":"https:\/\/blogs.elcomercio.es\/largo_de_cafe\/wp-json\/wp\/v2\/posts\/10828\/revisions\/10829"}],"wp:attachment":[{"href":"https:\/\/blogs.elcomercio.es\/largo_de_cafe\/wp-json\/wp\/v2\/media?parent=10828"}],"wp:term":[{"taxonomy":"category","embeddable":true,"href":"https:\/\/blogs.elcomercio.es\/largo_de_cafe\/wp-json\/wp\/v2\/categories?post=10828"},{"taxonomy":"post_tag","embeddable":true,"href":"https:\/\/blogs.elcomercio.es\/largo_de_cafe\/wp-json\/wp\/v2\/tags?post=10828"}],"curies":[{"name":"wp","href":"https:\/\/api.w.org\/{rel}","templated":true}]}}