{"id":109,"date":"2007-10-17T00:46:53","date_gmt":"2007-10-17T00:46:53","guid":{"rendered":"http:\/\/blogs.elcomercio.es\/largo_de_cafe\/?p=109"},"modified":"2007-10-17T00:46:53","modified_gmt":"2007-10-17T00:46:53","slug":"poca-cosa","status":"publish","type":"post","link":"https:\/\/blogs.elcomercio.es\/largo_de_cafe\/2007\/10\/17\/poca-cosa\/","title":{"rendered":"POCA COSA"},"content":{"rendered":"<p>    \u00c1lvarez Areces ha tenido un primer contacto con IU para explorar la posibilidad de un acuerdo sobre los Presupuestos del Principado para el a\u00f1o 2008. El presidente ha ofrecido crear un fondo para devolver los cr\u00e9ditos hipotecarios y pagar los alquileres de vivienda a las familias que tuviesen problemas con la subida de los tipos de inter\u00e9s. IU hab\u00eda pedido, previamente, que se creara una partida con esa finalidad.<br \/>\n     No se puede hablar de una negociaci\u00f3n sobre las cuentas regionales sin poner los n\u00fameros sobre la mesa. El Gobierno s\u00f3lo ha dado un dato, relativo al crecimiento previsto para los Presupuestos del Principado, lo que demuestra que la primera reuni\u00f3n no tuvo mucha enjundia. Resulta incoherente acudir a esta primera entrevista sin papeles, sin cifras, sin concreciones, y pretender finalizar la negociaci\u00f3n en dos semanas. La actual ronda de conversaciones, con IU y el PP, es producto de la mano tendida en el debate sobre el estado de la regi\u00f3n por el presidente, as\u00ed que ahora toca ser consecuente con aquella oferta y emplearse a fondo en la negociaci\u00f3n para evitar la pr\u00f3rroga presupuestaria. Si el presidente Areces creyese que las posibilidades de acuerdo eran nulas, lo mejor ser\u00eda no abrir la negociaci\u00f3n con los partidos y limitarse a discutir las enmiendas de la oposici\u00f3n en el tr\u00e1mite parlamentario.<br \/>\n      Lo que nos deben ahorrar el Gobierno y la oposici\u00f3n es la ejecuci\u00f3n de una ceremonia vac\u00eda de sentido. Si el PP e IU no quieren apoyar el Presupuesto del Principado, lo que deben hacer es presentar enmiendas a la totalidad y se acabaron las dudas. Igualmente, si el Gobierno no est\u00e1 dispuesto a ceder en muchas cosas, lo mejor que puede hacer es mantener el rumbo fijo hasta las elecciones generales de marzo del a\u00f1o venidero. IU puede optar por una v\u00eda intermedia entre la negociaci\u00f3n posibilista y la alternativa de la enmienda a la totalidad, que consiste en plantear muchas modificaciones sobre el proyecto del Principado, de modo que quedara incorporada la huella de IU a las cuentas. Un plan factible, aunque no era el previsto inicialmente. En cualquier caso, lo que debe descartar el Gobierno es la idea de maravillar a la oposici\u00f3n con sus grandes inversiones. Todo acuerdo supone renuncia y transacci\u00f3n.           <\/p>\n<!-- AddThis Advanced Settings generic via filter on the_content --><!-- AddThis Share Buttons generic via filter on the_content -->","protected":false},"excerpt":{"rendered":"<p>\u00c1lvarez Areces ha tenido un primer contacto con IU para explorar la posibilidad de un acuerdo sobre los Presupuestos del Principado para el a\u00f1o 2008. El presidente ha ofrecido crear un fondo para devolver los cr\u00e9ditos hipotecarios y pagar los alquileres de vivienda a las familias que tuviesen problemas con la subida de los tipos [&hellip;]<!-- AddThis Advanced Settings generic via filter on get_the_excerpt --><!-- AddThis Share Buttons generic via filter on get_the_excerpt --><\/p>\n","protected":false},"author":2,"featured_media":0,"comment_status":"open","ping_status":"closed","sticky":false,"template":"","format":"standard","meta":[],"categories":[4],"tags":[],"_links":{"self":[{"href":"https:\/\/blogs.elcomercio.es\/largo_de_cafe\/wp-json\/wp\/v2\/posts\/109"}],"collection":[{"href":"https:\/\/blogs.elcomercio.es\/largo_de_cafe\/wp-json\/wp\/v2\/posts"}],"about":[{"href":"https:\/\/blogs.elcomercio.es\/largo_de_cafe\/wp-json\/wp\/v2\/types\/post"}],"author":[{"embeddable":true,"href":"https:\/\/blogs.elcomercio.es\/largo_de_cafe\/wp-json\/wp\/v2\/users\/2"}],"replies":[{"embeddable":true,"href":"https:\/\/blogs.elcomercio.es\/largo_de_cafe\/wp-json\/wp\/v2\/comments?post=109"}],"version-history":[{"count":0,"href":"https:\/\/blogs.elcomercio.es\/largo_de_cafe\/wp-json\/wp\/v2\/posts\/109\/revisions"}],"wp:attachment":[{"href":"https:\/\/blogs.elcomercio.es\/largo_de_cafe\/wp-json\/wp\/v2\/media?parent=109"}],"wp:term":[{"taxonomy":"category","embeddable":true,"href":"https:\/\/blogs.elcomercio.es\/largo_de_cafe\/wp-json\/wp\/v2\/categories?post=109"},{"taxonomy":"post_tag","embeddable":true,"href":"https:\/\/blogs.elcomercio.es\/largo_de_cafe\/wp-json\/wp\/v2\/tags?post=109"}],"curies":[{"name":"wp","href":"https:\/\/api.w.org\/{rel}","templated":true}]}}