{"id":111,"date":"2007-10-19T00:05:22","date_gmt":"2007-10-19T00:05:22","guid":{"rendered":"http:\/\/blogs.elcomercio.es\/largo_de_cafe\/?p=111"},"modified":"2007-10-19T00:05:22","modified_gmt":"2007-10-19T00:05:22","slug":"la-izquierda-hipotecada","status":"publish","type":"post","link":"https:\/\/blogs.elcomercio.es\/largo_de_cafe\/2007\/10\/19\/la-izquierda-hipotecada\/","title":{"rendered":"LA IZQUIERDA HIPOTECADA"},"content":{"rendered":"<p>   El consejero de Econom\u00eda, Jaime Rabanal, ha mostrado la disposici\u00f3n del Gobierno para discutir las ayudas para el pago de las hipotecas, en los t\u00e9rminos que lo hab\u00eda exigido IU: cualquier tipo de vivienda, con tal de que los propietarios tuvieran dificultades para hacer frente a la subida de los tipos de inter\u00e9s.<br \/>\n    Parece que la cuesti\u00f3n de la devoluci\u00f3n de los cr\u00e9ditos hipotecarios va a centrar el debate de la izquierda asturiana, que es tanto como decir de las fuerzas que deciden los Presupuestos del Principado y el sentido del gobierno. La subida de los tipos de inter\u00e9s es una constante en el mundo entero, que afecta desde alemanes y franceses, hasta japoneses y australianos, pasando por los americanos. Pues bien, pese a ser una realidad global, s\u00f3lo en Asturias se busca una respuesta desde los presupuestos p\u00fablicos. Resulta que a la izquierda de nuestra regi\u00f3n le preocupa m\u00e1s los intereses de los cr\u00e9ditos que el empleo, la sanidad, la educaci\u00f3n, el gasto social, o la investigaci\u00f3n cient\u00edfica. En realidad, no le preocupa el alza de los tipos de inter\u00e9s, como una variable que frena el desarrollo econ\u00f3mico y el consumo, sino las consecuencias que tiene entre los que amortizan cr\u00e9ditos. Vamos a descubrir que es m\u00e1s de izquierdas el grupo que logre detraer m\u00e1s dinero de la recaudaci\u00f3n de impuestos para cooperar en las obligaciones de pago de los propietarios de vivienda. Entre los ataques de Ana Botella al \u201cgolpe de 1934\u201d y la fijaci\u00f3n de IU y PSOE por la subida de las hipotecas, el perfil de la izquierda asturiana queda totalmente desdibujado. La pr\u00f3xima semana llega Al Gore a nuestra regi\u00f3n, as\u00ed que a falta de las antiguas pol\u00edticas de clase, habr\u00e1 que conformarse con un suced\u00e1neo.<br \/>\n     Mientras el segmento de los propietarios de vivienda libre ampl\u00eda el campo de las inquietudes sociales de la izquierda, el PP anuncia que no apoyar\u00e1 los Presupuestos de \u00c1lvarez Areces. Cualquier otra posici\u00f3n hubiera sido una sorpresa. En ninguna comunidad gobernada por los socialistas, los populares respaldan los presupuestos. A cinco meses de las elecciones no caben los gestos altruistas. Descartado el PP, caben dos soluciones: pr\u00f3rroga presupuestaria o coalici\u00f3n de izquierdas para luchar contra la carga hipotecaria.      <\/p>\n<!-- AddThis Advanced Settings generic via filter on the_content --><!-- AddThis Share Buttons generic via filter on the_content -->","protected":false},"excerpt":{"rendered":"<p>El consejero de Econom\u00eda, Jaime Rabanal, ha mostrado la disposici\u00f3n del Gobierno para discutir las ayudas para el pago de las hipotecas, en los t\u00e9rminos que lo hab\u00eda exigido IU: cualquier tipo de vivienda, con tal de que los propietarios tuvieran dificultades para hacer frente a la subida de los tipos de inter\u00e9s. Parece que [&hellip;]<!-- AddThis Advanced Settings generic via filter on get_the_excerpt --><!-- AddThis Share Buttons generic via filter on get_the_excerpt --><\/p>\n","protected":false},"author":2,"featured_media":0,"comment_status":"open","ping_status":"closed","sticky":false,"template":"","format":"standard","meta":[],"categories":[4],"tags":[],"_links":{"self":[{"href":"https:\/\/blogs.elcomercio.es\/largo_de_cafe\/wp-json\/wp\/v2\/posts\/111"}],"collection":[{"href":"https:\/\/blogs.elcomercio.es\/largo_de_cafe\/wp-json\/wp\/v2\/posts"}],"about":[{"href":"https:\/\/blogs.elcomercio.es\/largo_de_cafe\/wp-json\/wp\/v2\/types\/post"}],"author":[{"embeddable":true,"href":"https:\/\/blogs.elcomercio.es\/largo_de_cafe\/wp-json\/wp\/v2\/users\/2"}],"replies":[{"embeddable":true,"href":"https:\/\/blogs.elcomercio.es\/largo_de_cafe\/wp-json\/wp\/v2\/comments?post=111"}],"version-history":[{"count":0,"href":"https:\/\/blogs.elcomercio.es\/largo_de_cafe\/wp-json\/wp\/v2\/posts\/111\/revisions"}],"wp:attachment":[{"href":"https:\/\/blogs.elcomercio.es\/largo_de_cafe\/wp-json\/wp\/v2\/media?parent=111"}],"wp:term":[{"taxonomy":"category","embeddable":true,"href":"https:\/\/blogs.elcomercio.es\/largo_de_cafe\/wp-json\/wp\/v2\/categories?post=111"},{"taxonomy":"post_tag","embeddable":true,"href":"https:\/\/blogs.elcomercio.es\/largo_de_cafe\/wp-json\/wp\/v2\/tags?post=111"}],"curies":[{"name":"wp","href":"https:\/\/api.w.org\/{rel}","templated":true}]}}