{"id":112,"date":"2007-10-20T00:23:41","date_gmt":"2007-10-20T00:23:41","guid":{"rendered":"http:\/\/blogs.elcomercio.es\/largo_de_cafe\/?p=112"},"modified":"2007-10-20T00:23:41","modified_gmt":"2007-10-20T00:23:41","slug":"el-triangulo-parlamentario","status":"publish","type":"post","link":"https:\/\/blogs.elcomercio.es\/largo_de_cafe\/2007\/10\/20\/el-triangulo-parlamentario\/","title":{"rendered":"EL TRI\u00c1NGULO PARLAMENTARIO"},"content":{"rendered":"<p>    La Junta General del Principado ha introducido un cambio en la elecci\u00f3n del director de la televisi\u00f3n auton\u00f3mica, al pasar de ser una competencia del Gobierno regional a ser un cometido de la propia C\u00e1mara. El PP ha apoyado la iniciativa del PSOE, y a partir de ahora el director ser\u00e1 producto de una decisi\u00f3n parlamentaria, convenientemente reforzada por una mayor\u00eda cualificada: 27 diputados.<br \/>\n    IU movi\u00f3 pieza al presentar una proposici\u00f3n de ley sobre la materia, en la que el director correspond\u00eda a la Junta General del Principado, por mayor\u00eda absoluta, pero los socialistas fueron los que remataron la jugada, al proponer que sea el Parlamento, pero por mayor\u00eda cualificada. El Gobierno cede una competencia que le correspond\u00eda, pero asegura que el nombramiento pase por sus manos, al no poder elegirse director sin contar con el apoyo del grupo socialista. IU se queda como estaba, ya que antes no ten\u00eda influencia sobre el nombramiento, por corresponderle al Gobierno, y ahora tampoco tiene nada que decir porque sus esca\u00f1os no sirven para que los grupos parlamentarios del PSOE o del PP alcancen la mayor\u00eda cualificada. El \u00fanico grupo que aumenta su influencia sobre la televisi\u00f3n auton\u00f3mica es el PP.<br \/>\n     Este juego parlamentario de propuestas y contrapropuestas puede repetirse en otras materias. Por ejemplo, en el Estatuto de Autonom\u00eda. Si IU plantea alternativas de dif\u00edcil asunci\u00f3n por parte de los socialistas, tal vez logre un efecto contrario al pretendido, al empujar al PSOE a negociar con el PP. Aunque hay una ponencia parlamentaria y un debate a tres bandas, la experiencia indica que la redacci\u00f3n de los estatutos de autonom\u00eda se cataliza a partir de un momento determinado, en que dos dirigentes de izquierda y derecha se ponen de acuerdo en una negociaci\u00f3n bilateral realizada fuera del Parlamento. \u00bfNo fue la propia Constituci\u00f3n el fruto de una conversaci\u00f3n a tumba abierta entre Alfonso Guerra y Abril Martorell? La estructura de triangular de la C\u00e1mara propicia este juego de amores y desamores, en las que un partido que pod\u00eda gobernar se queda fuera de los acuerdos parlamentarios. Cosas de las matem\u00e1ticas: a IU le favorecen los acuerdos por mayor\u00eda absoluta, pero le perjudica la mayor\u00eda cualificada.    <\/p>\n<!-- AddThis Advanced Settings generic via filter on the_content --><!-- AddThis Share Buttons generic via filter on the_content -->","protected":false},"excerpt":{"rendered":"<p>La Junta General del Principado ha introducido un cambio en la elecci\u00f3n del director de la televisi\u00f3n auton\u00f3mica, al pasar de ser una competencia del Gobierno regional a ser un cometido de la propia C\u00e1mara. El PP ha apoyado la iniciativa del PSOE, y a partir de ahora el director ser\u00e1 producto de una decisi\u00f3n [&hellip;]<!-- AddThis Advanced Settings generic via filter on get_the_excerpt --><!-- AddThis Share Buttons generic via filter on get_the_excerpt --><\/p>\n","protected":false},"author":2,"featured_media":0,"comment_status":"open","ping_status":"closed","sticky":false,"template":"","format":"standard","meta":[],"categories":[4],"tags":[],"_links":{"self":[{"href":"https:\/\/blogs.elcomercio.es\/largo_de_cafe\/wp-json\/wp\/v2\/posts\/112"}],"collection":[{"href":"https:\/\/blogs.elcomercio.es\/largo_de_cafe\/wp-json\/wp\/v2\/posts"}],"about":[{"href":"https:\/\/blogs.elcomercio.es\/largo_de_cafe\/wp-json\/wp\/v2\/types\/post"}],"author":[{"embeddable":true,"href":"https:\/\/blogs.elcomercio.es\/largo_de_cafe\/wp-json\/wp\/v2\/users\/2"}],"replies":[{"embeddable":true,"href":"https:\/\/blogs.elcomercio.es\/largo_de_cafe\/wp-json\/wp\/v2\/comments?post=112"}],"version-history":[{"count":0,"href":"https:\/\/blogs.elcomercio.es\/largo_de_cafe\/wp-json\/wp\/v2\/posts\/112\/revisions"}],"wp:attachment":[{"href":"https:\/\/blogs.elcomercio.es\/largo_de_cafe\/wp-json\/wp\/v2\/media?parent=112"}],"wp:term":[{"taxonomy":"category","embeddable":true,"href":"https:\/\/blogs.elcomercio.es\/largo_de_cafe\/wp-json\/wp\/v2\/categories?post=112"},{"taxonomy":"post_tag","embeddable":true,"href":"https:\/\/blogs.elcomercio.es\/largo_de_cafe\/wp-json\/wp\/v2\/tags?post=112"}],"curies":[{"name":"wp","href":"https:\/\/api.w.org\/{rel}","templated":true}]}}