{"id":11289,"date":"2025-11-15T00:47:22","date_gmt":"2025-11-14T23:47:22","guid":{"rendered":"https:\/\/blogs.elcomercio.es\/largo_de_cafe\/?p=11289"},"modified":"2025-11-15T00:47:23","modified_gmt":"2025-11-14T23:47:23","slug":"la-retaguardia-de-espana","status":"publish","type":"post","link":"https:\/\/blogs.elcomercio.es\/largo_de_cafe\/2025\/11\/15\/la-retaguardia-de-espana\/","title":{"rendered":"LA RETAGUARDIA DE ESPA\u00d1A"},"content":{"rendered":"\n<p>Ante el claustro de la Universidad de Oviedo, el rector, Ignacio Villaverde, volvi\u00f3 a cuestionar la entrada de los centros universitarios privados en Asturias. Bien es cierto que dijo, por delante, que \u00abno ten\u00eda ning\u00fan problema con la llegada de las universidades privadas\u00bb, pero las actuaciones realizadas desde la propia instituci\u00f3n acad\u00e9mica no lo confirman, precisamente.<\/p>\n\n\n\n<p>Villaverde dijo que \u00ablo que me ha ofendido es que, para dar la bienvenida a las universidades privadas, ciertos sectores hayan tenido que hablar mal de la p\u00fablica\u00bb. No recuerdo que nadie hablara mal de la Universidad de Oviedo, otra cosa es criticar las declaraciones del rector, como cuando pidi\u00f3 rigor para autorizar las universidades privadas porque \u00abnos obligan a competir con un seiscientos con una rueda pinchada\u00bb. Recibiendo mil millones del Principado y con el est\u00edmulo de la matr\u00edcula gratis para el alumnado, resulta muy desafortunada la met\u00e1fora del seiscientos de tres ruedas.<\/p>\n\n\n\n<p>Los claustrales fueron informados de que la instituci\u00f3n se hab\u00eda personado en los expedientes abiertos por el Principado para la creaci\u00f3n de los dos centros adscritos en Oviedo (Universidad Alfonso X el Sabio) y Avil\u00e9s (Universidad Nebrija), planteando dudas sobre la legalidad de ambos y lamentando que no se les evaluara conforme a la nueva normativa que eleva el list\u00f3n de la calidad. Tambi\u00e9n sacaron a relucir que ten\u00edan carencia de infraestructuras. As\u00ed que no tienen ning\u00fan problema con las universidades privadas, pero hacen todo lo posible para impedir que puedan implantarse en Asturias. Por fortuna, el Principado desestim\u00f3 las alegaciones. Al margen de sentimientos e ideolog\u00eda, hay que reconocer que el presidente Barb\u00f3n mostr\u00f3 desde el principio tolerancia con la apertura de centros universitarios privados.<\/p>\n\n\n\n<p>La Universidad de Harvard es coet\u00e1nea de la Universidad de Oviedo. Se fundaron con veintiocho a\u00f1os de diferencia. En el estado de Massachusetts hay doce universidades p\u00fablicas y cincuenta privadas. La m\u00e1s antigua, con mucha diferencia, es Harvard. \u00bfSe podr\u00eda imaginar alguien que los rectores de Harvard hubieran hecho gestiones ante el gobierno del estado de Massachusetts para impedir que se implantaran otras universidades? Impensable. \u00bfPor qu\u00e9 all\u00ed pueden convivir arm\u00f3nicamente sesenta y dos universidades, p\u00fablicas y privadas, y aqu\u00ed recibimos con hostilidad a las primeras que se acercan? La imagen que proyectamos es penosa. \u00a1Qu\u00e9 a gusto estamos siendo la retaguardia de Espa\u00f1a!<\/p>\n<!-- AddThis Advanced Settings generic via filter on the_content --><!-- AddThis Share Buttons generic via filter on the_content -->","protected":false},"excerpt":{"rendered":"<p>Ante el claustro de la Universidad de Oviedo, el rector, Ignacio Villaverde, volvi\u00f3 a cuestionar la entrada de los centros universitarios privados en Asturias. Bien es cierto que dijo, por delante, que \u00abno ten\u00eda ning\u00fan problema con la llegada de las universidades privadas\u00bb, pero las actuaciones realizadas desde la propia instituci\u00f3n acad\u00e9mica no lo confirman, [&hellip;]<!-- AddThis Advanced Settings generic via filter on get_the_excerpt --><!-- AddThis Share Buttons generic via filter on get_the_excerpt --><\/p>\n","protected":false},"author":2,"featured_media":0,"comment_status":"open","ping_status":"open","sticky":false,"template":"","format":"standard","meta":[],"categories":[1],"tags":[],"_links":{"self":[{"href":"https:\/\/blogs.elcomercio.es\/largo_de_cafe\/wp-json\/wp\/v2\/posts\/11289"}],"collection":[{"href":"https:\/\/blogs.elcomercio.es\/largo_de_cafe\/wp-json\/wp\/v2\/posts"}],"about":[{"href":"https:\/\/blogs.elcomercio.es\/largo_de_cafe\/wp-json\/wp\/v2\/types\/post"}],"author":[{"embeddable":true,"href":"https:\/\/blogs.elcomercio.es\/largo_de_cafe\/wp-json\/wp\/v2\/users\/2"}],"replies":[{"embeddable":true,"href":"https:\/\/blogs.elcomercio.es\/largo_de_cafe\/wp-json\/wp\/v2\/comments?post=11289"}],"version-history":[{"count":1,"href":"https:\/\/blogs.elcomercio.es\/largo_de_cafe\/wp-json\/wp\/v2\/posts\/11289\/revisions"}],"predecessor-version":[{"id":11290,"href":"https:\/\/blogs.elcomercio.es\/largo_de_cafe\/wp-json\/wp\/v2\/posts\/11289\/revisions\/11290"}],"wp:attachment":[{"href":"https:\/\/blogs.elcomercio.es\/largo_de_cafe\/wp-json\/wp\/v2\/media?parent=11289"}],"wp:term":[{"taxonomy":"category","embeddable":true,"href":"https:\/\/blogs.elcomercio.es\/largo_de_cafe\/wp-json\/wp\/v2\/categories?post=11289"},{"taxonomy":"post_tag","embeddable":true,"href":"https:\/\/blogs.elcomercio.es\/largo_de_cafe\/wp-json\/wp\/v2\/tags?post=11289"}],"curies":[{"name":"wp","href":"https:\/\/api.w.org\/{rel}","templated":true}]}}