{"id":11293,"date":"2025-11-17T00:15:13","date_gmt":"2025-11-16T23:15:13","guid":{"rendered":"https:\/\/blogs.elcomercio.es\/largo_de_cafe\/?p=11293"},"modified":"2025-11-17T00:15:13","modified_gmt":"2025-11-16T23:15:13","slug":"publico-y-privado","status":"publish","type":"post","link":"https:\/\/blogs.elcomercio.es\/largo_de_cafe\/2025\/11\/17\/publico-y-privado\/","title":{"rendered":"P\u00daBLICO Y PRIVADO"},"content":{"rendered":"\n<p>La dualidad entre p\u00fablico y privado es tan antit\u00e9tica en Asturias, como la del cielo e infierno en la sociedad medieval. Aqu\u00ed lo p\u00fablico es bueno y lo privado, horrendo. Lo primero es prueba de generosidad y solidaridad y lo segundo de rapi\u00f1a y ego\u00edsmo. La experiencia de los dos \u00faltimos a\u00f1os, en v\u00edsperas de la llegada a Asturias de las universidades privadas y del Grupo Hospitalario Quir\u00f3n (el mayor grupo hospitalario privado de Espa\u00f1a) a Gij\u00f3n, lo evidencian.<\/p>\n\n\n\n<p>Esta semana nos enteramos de que la Universidad de Oviedo se person\u00f3 en el proceso de aprobaci\u00f3n de los centros adscritos a la Universidad Nebrija (Avil\u00e9s) y la Universidad Alfonso X el Sabio (Oviedo), planteando dudas sobre la legalidad de estos centros y lamentando que no se les evaluara conforme a la nueva normativa que eleva el list\u00f3n de las exigencias. Los responsables del alma mater quer\u00edan impedir que hubiera en Asturias la m\u00e1s leve manifestaci\u00f3n de centro universitario privado. Lo airean sin rubor, como si no hubiesen realizado una gesti\u00f3n claramente hostil hacia esas dos instituciones.<\/p>\n\n\n\n<p><strong>Cr\u00edticas<\/strong><br>Entre las cr\u00edticas para descalificar a los dos proyectos privados, los responsables de la Universidad de Oviedo se\u00f1alaron \u00abla falta de infraestructuras por parte de los solicitantes\u00bb, algo \u00abp\u00fablico y notorio\u00bb, seg\u00fan opini\u00f3n de \u00c1ngel Espiniella, secretario general de la Universidad de Oviedo. Espiniella advirti\u00f3 que \u00ablo dise\u00f1an todo en funci\u00f3n de la cesi\u00f3n futura de espacios p\u00fablicos\u00bb \u00bfY c\u00f3mo planea el alma mater la expansi\u00f3n de los campus?<\/p>\n\n\n\n<p>No acababan de criticar el d\u00e9ficit de infraestructuras de las instituciones privadas y el rector, Ignacio Villaverde, sac\u00f3 a relucir las grandes necesidades en infraestructuras de la Universidad de Oviedo. Afirm\u00f3 que se necesitan 18 millones de euros extra para abordar los problemas existentes. Por el convenio de colaboraci\u00f3n con el Principado recibe la Universidad m\u00e1s de mil millones en seis a\u00f1os (2023-2028); un incremento de 200 millones sobre el anterior contrato-programa. El convenio es prorrogable en cuatro a\u00f1os, elev\u00e1ndose la financiaci\u00f3n del Principado a 1.700 millones. Ya se puede imaginar uno de donde van a salir los 18 millones extra para remodelar edificios. Se prev\u00e9 que las obras duren cinco a\u00f1os.<\/p>\n\n\n\n<p>La Universidad que tiene un mayor gasto por estudiante es la asturiana: 10.274 euros. Con la gratuidad de las matr\u00edculas, la instituci\u00f3n acad\u00e9mica recibir\u00e1 a\u00fan m\u00e1s recursos del Principado para compensar el dinero que dejan de recibir de los alumnos. Qu\u00e9 f\u00e1cil es predicar el gratis total, sin perder un c\u00e9ntimo del sueldo y endosando al p\u00fablico una factura m\u00e1s cara que antes, costeada con nuestros impuestos.<\/p>\n\n\n\n<p><strong>Hiperfinanciada<\/strong><br>En el contexto espa\u00f1ol, con 48 campus p\u00fablicos, la universidad asturiana est\u00e1 hiperfinanciada. Sin embargo, en sus ataques a las instituciones acad\u00e9micas privadas, destacan la carest\u00eda de las privadas. Sin duda, son caras para el que se matricula en ellas, pero a la sociedad asturiana le resultan baratas, sobre todo en comparaci\u00f3n con la p\u00fablica que nos cuesta 254 millones cada a\u00f1o. Como sigan haciendo obras, pronto la factura ser\u00e1 de un mill\u00f3n diario.<\/p>\n\n\n\n<p>Es imposible dar lecciones de progreso y modernidad, cuando se ponen zancadillas a la llegada de otras universidades. Los monopolios siempre son rechazables, pero el monopolio intelectual es inexplicable.<\/p>\n\n\n\n<p>Que se vayan preparando porque por alguna raz\u00f3n misteriosa en Espa\u00f1a crece, como en ning\u00fan otro pa\u00eds, la tendencia a estudiar en centros privados. No me atrevo a decir que la explicaci\u00f3n est\u00e9 en los d\u00e9ficits de la ense\u00f1anza p\u00fablica, pero s\u00ed parece que se haya adaptado peor a las demandas de la juventud. Nos faltan datos, pero no creo que las estad\u00edsticas de empleabilidad de los egresados sean ciertas.<\/p>\n\n\n\n<p>De todo lo anterior, lo que me parece descorazonador es la reacci\u00f3n del Sanedr\u00edn universitario a la humilde llegada de dos centros universitarios adscritos a nuestra regi\u00f3n. Prefieren que sea la \u00fanica comunidad aut\u00f3noma (o una de las \u00faltimas) en no tener universidades privadas.<\/p>\n\n\n\n<p><strong>Sanidad<\/strong><br>En la sanidad, la noticia de la venida del Grupo Hospitalario Quir\u00f3n a Gij\u00f3n ha desatado una tempestad. Evitar que pueda prestar sus servicios en esta tierra se ha convertido en objetivo. Se han abierto procedimientos judiciales para impedir que le otorguen la licencia. El caso es retrasar la construcci\u00f3n del hospital, como sea. Me resulta igual de inexplicable que poner obst\u00e1culos a las universidades privadas.<\/p>\n\n\n\n<p>Me explico. Todos vamos a seguir financiando la sanidad p\u00fablica. No va a perder fondos la p\u00fablica, aunque se recurra a la privada. La ciudad recibe una inversi\u00f3n de 40 millones de euros que conllevar\u00e1 300 empleos. S\u00f3lo por esto habr\u00eda que darle paso. La sanidad p\u00fablica ver\u00e1 c\u00f3mo se reducen, aunque sea en una peque\u00f1a proporci\u00f3n, las listas de espera.<\/p>\n\n\n\n<p>Tendr\u00e1 un tercer centro en Gij\u00f3n para actuaciones concertadas. Los usuarios de la sanidad p\u00fablica ser\u00e1n atendidos con m\u00e1s prontitud. Con una mayor oferta habr\u00e1 m\u00e1s consultas, m\u00e1s pruebas diagn\u00f3sticas, m\u00e1s operaciones, m\u00e1s rehabilitaciones, m\u00e1s bienestar.<\/p>\n\n\n\n<p>\u00bfEn qu\u00e9 cabeza cabe que la inversi\u00f3n en un hospital es una mala noticia para una ciudad? La sanidad p\u00fablica y la privada no se excluyen, son complementarias. Ambas tienen un mismo reto: curar a los enfermos. Contar con m\u00e1s m\u00e9dicos y enfermeros es una riqueza a la que no puede renunciar una sociedad envejecida<\/p>\n<!-- AddThis Advanced Settings generic via filter on the_content --><!-- AddThis Share Buttons generic via filter on the_content -->","protected":false},"excerpt":{"rendered":"<p>La dualidad entre p\u00fablico y privado es tan antit\u00e9tica en Asturias, como la del cielo e infierno en la sociedad medieval. Aqu\u00ed lo p\u00fablico es bueno y lo privado, horrendo. Lo primero es prueba de generosidad y solidaridad y lo segundo de rapi\u00f1a y ego\u00edsmo. La experiencia de los dos \u00faltimos a\u00f1os, en v\u00edsperas de [&hellip;]<!-- AddThis Advanced Settings generic via filter on get_the_excerpt --><!-- AddThis Share Buttons generic via filter on get_the_excerpt --><\/p>\n","protected":false},"author":2,"featured_media":0,"comment_status":"open","ping_status":"open","sticky":false,"template":"","format":"standard","meta":[],"categories":[1],"tags":[],"_links":{"self":[{"href":"https:\/\/blogs.elcomercio.es\/largo_de_cafe\/wp-json\/wp\/v2\/posts\/11293"}],"collection":[{"href":"https:\/\/blogs.elcomercio.es\/largo_de_cafe\/wp-json\/wp\/v2\/posts"}],"about":[{"href":"https:\/\/blogs.elcomercio.es\/largo_de_cafe\/wp-json\/wp\/v2\/types\/post"}],"author":[{"embeddable":true,"href":"https:\/\/blogs.elcomercio.es\/largo_de_cafe\/wp-json\/wp\/v2\/users\/2"}],"replies":[{"embeddable":true,"href":"https:\/\/blogs.elcomercio.es\/largo_de_cafe\/wp-json\/wp\/v2\/comments?post=11293"}],"version-history":[{"count":1,"href":"https:\/\/blogs.elcomercio.es\/largo_de_cafe\/wp-json\/wp\/v2\/posts\/11293\/revisions"}],"predecessor-version":[{"id":11294,"href":"https:\/\/blogs.elcomercio.es\/largo_de_cafe\/wp-json\/wp\/v2\/posts\/11293\/revisions\/11294"}],"wp:attachment":[{"href":"https:\/\/blogs.elcomercio.es\/largo_de_cafe\/wp-json\/wp\/v2\/media?parent=11293"}],"wp:term":[{"taxonomy":"category","embeddable":true,"href":"https:\/\/blogs.elcomercio.es\/largo_de_cafe\/wp-json\/wp\/v2\/categories?post=11293"},{"taxonomy":"post_tag","embeddable":true,"href":"https:\/\/blogs.elcomercio.es\/largo_de_cafe\/wp-json\/wp\/v2\/tags?post=11293"}],"curies":[{"name":"wp","href":"https:\/\/api.w.org\/{rel}","templated":true}]}}