{"id":11295,"date":"2025-11-18T00:48:57","date_gmt":"2025-11-17T23:48:57","guid":{"rendered":"https:\/\/blogs.elcomercio.es\/largo_de_cafe\/?p=11295"},"modified":"2025-11-18T00:48:57","modified_gmt":"2025-11-17T23:48:57","slug":"a-falta-de-conocer-datos","status":"publish","type":"post","link":"https:\/\/blogs.elcomercio.es\/largo_de_cafe\/2025\/11\/18\/a-falta-de-conocer-datos\/","title":{"rendered":"A FALTA DE CONOCER DATOS"},"content":{"rendered":"\n<p>Reuni\u00f3n del Consejo de Pol\u00edtica Fiscal y Financiera. Mar\u00eda Jes\u00fas Montero, ministra de Hacienda, se ver\u00e1 las caras con los consejeros de Hacienda de las comunidades aut\u00f3nomas. Desde las elecciones auton\u00f3micas de 2023, el poder territorial del PSOE qued\u00f3 limitado a las regiones de Asturias y Castilla-La Mancha; tambi\u00e9n presiden los socialistas la autonom\u00eda navarra, pero el poder all\u00ed est\u00e1 compartido con Geroa Bai (PNV) y Contigo Navarra. El cambio en la correlaci\u00f3n de fuerzas en el Consejo de Pol\u00edtica Fiscal y Financiera no tiene reflejo en las decisiones, ya que al Gobierno le basta para sacar sus propuestas adelante contar con el voto de una sola comunidad aut\u00f3noma. Lo tiene garantizado.<\/p>\n\n\n\n<p>La cita es importante para los gobiernos auton\u00f3micos, ya que la ministra les va a comunicar los objetivos de estabilidad presupuestaria para el a\u00f1o 2026. El Principado espera recibir del sistema de financiaci\u00f3n auton\u00f3mica 4.173 millones. Los ingresos tributarios crecen m\u00e1s que el PIB, gracias al truco de no deflactar el IRPF. Desde el inicio de la invasi\u00f3n de Ucrania (febrero 2022), cuando repuntan los precios, los gobiernos socialistas tienen unas holguras econ\u00f3micas de las que carecen los ciudadanos y las empresas. El presupuesto del Principado lleg\u00f3 este a\u00f1o a los 6.664 millones y para el ejercicio que viene se espera que alcance o rebase los 7.000 millones. Cada a\u00f1o es m\u00e1s rico el sector p\u00fablico.<\/p>\n\n\n\n<p>En el Consejo de Pol\u00edtica Fiscal y Financiera se aprobar\u00e1n el techo del d\u00e9ficit p\u00fablico y de la deuda de las comunidades aut\u00f3nomas. Como lo foto final es la del conjunto de las Administraciones p\u00fablicas, para Bruselas s\u00f3lo existe el d\u00e9ficit y la deuda del Reino de Espa\u00f1a, siendo interesante saber c\u00f3mo repartir\u00e1 el Gobierno el d\u00e9ficit y la deuda entre las distintas administraciones (Estado, comunidades aut\u00f3nomas, ayuntamientos, Seguridad Social). Quedan dieciocho meses para las elecciones auton\u00f3micas y una limitaci\u00f3n excesiva del gasto podr\u00eda hacer mella en la campa\u00f1a electoral de los partidos que gobiernan.<\/p>\n\n\n\n<p>La Autoridad Independiente de Responsabilidad Fiscal (Airef) llam\u00f3 la atenci\u00f3n al Principado al incumplir la regla de gasto en 2024: pod\u00eda crecer un 2,6% y hab\u00eda aumentado el 9,3%, proponi\u00e9ndole aplicar medidas correctoras. Hace tres meses, la Airef advirti\u00f3 que volver\u00eda a incumplir la regla de gasto en 2025 y 2026, por culpa del excesivo gasto en personal. Veremos qu\u00e9 medidas toma el Principado una vez obtenga toda la informaci\u00f3n sobre el cuadro macroecon\u00f3mico.<\/p>\n<!-- AddThis Advanced Settings generic via filter on the_content --><!-- AddThis Share Buttons generic via filter on the_content -->","protected":false},"excerpt":{"rendered":"<p>Reuni\u00f3n del Consejo de Pol\u00edtica Fiscal y Financiera. Mar\u00eda Jes\u00fas Montero, ministra de Hacienda, se ver\u00e1 las caras con los consejeros de Hacienda de las comunidades aut\u00f3nomas. Desde las elecciones auton\u00f3micas de 2023, el poder territorial del PSOE qued\u00f3 limitado a las regiones de Asturias y Castilla-La Mancha; tambi\u00e9n presiden los socialistas la autonom\u00eda navarra, [&hellip;]<!-- AddThis Advanced Settings generic via filter on get_the_excerpt --><!-- AddThis Share Buttons generic via filter on get_the_excerpt --><\/p>\n","protected":false},"author":2,"featured_media":0,"comment_status":"open","ping_status":"open","sticky":false,"template":"","format":"standard","meta":[],"categories":[1],"tags":[],"_links":{"self":[{"href":"https:\/\/blogs.elcomercio.es\/largo_de_cafe\/wp-json\/wp\/v2\/posts\/11295"}],"collection":[{"href":"https:\/\/blogs.elcomercio.es\/largo_de_cafe\/wp-json\/wp\/v2\/posts"}],"about":[{"href":"https:\/\/blogs.elcomercio.es\/largo_de_cafe\/wp-json\/wp\/v2\/types\/post"}],"author":[{"embeddable":true,"href":"https:\/\/blogs.elcomercio.es\/largo_de_cafe\/wp-json\/wp\/v2\/users\/2"}],"replies":[{"embeddable":true,"href":"https:\/\/blogs.elcomercio.es\/largo_de_cafe\/wp-json\/wp\/v2\/comments?post=11295"}],"version-history":[{"count":1,"href":"https:\/\/blogs.elcomercio.es\/largo_de_cafe\/wp-json\/wp\/v2\/posts\/11295\/revisions"}],"predecessor-version":[{"id":11296,"href":"https:\/\/blogs.elcomercio.es\/largo_de_cafe\/wp-json\/wp\/v2\/posts\/11295\/revisions\/11296"}],"wp:attachment":[{"href":"https:\/\/blogs.elcomercio.es\/largo_de_cafe\/wp-json\/wp\/v2\/media?parent=11295"}],"wp:term":[{"taxonomy":"category","embeddable":true,"href":"https:\/\/blogs.elcomercio.es\/largo_de_cafe\/wp-json\/wp\/v2\/categories?post=11295"},{"taxonomy":"post_tag","embeddable":true,"href":"https:\/\/blogs.elcomercio.es\/largo_de_cafe\/wp-json\/wp\/v2\/tags?post=11295"}],"curies":[{"name":"wp","href":"https:\/\/api.w.org\/{rel}","templated":true}]}}