{"id":11297,"date":"2025-11-18T21:25:43","date_gmt":"2025-11-18T20:25:43","guid":{"rendered":"https:\/\/blogs.elcomercio.es\/largo_de_cafe\/?p=11297"},"modified":"2025-11-18T21:26:07","modified_gmt":"2025-11-18T20:26:07","slug":"financiacion-orientaciones-y-dudas","status":"publish","type":"post","link":"https:\/\/blogs.elcomercio.es\/largo_de_cafe\/2025\/11\/18\/financiacion-orientaciones-y-dudas\/","title":{"rendered":"FINANCIACI\u00d3N, ORIENTACIONES Y DUDAS"},"content":{"rendered":"\n<p>A la reuni\u00f3n del Consejo de Pol\u00edtica Fiscal y Financiera se lleg\u00f3 con dos expectativas, una relacionada con las previsiones macroecon\u00f3micas (techo de gasto, d\u00e9ficit) para el periodo 2026-2028, y la otra vinculada al futuro modelo de financiaci\u00f3n auton\u00f3mica. Bien es cierto que la primera qued\u00f3 aguada desde que se supo que Junts impedir\u00e1 la aprobaci\u00f3n de los presupuestos para el pr\u00f3ximo a\u00f1o, prorrog\u00e1ndose otro ejercicio m\u00e1s las cuentas. Al menos ese es su deseo expresado en repetidas ocasiones y nada impide que se cumpla. La ministra de Hacienda propuso un l\u00edmite al d\u00e9ficit del 0,1% para los tres a\u00f1os. Id\u00e9ntica propuesta realiz\u00f3 el pasado a\u00f1o y el pleno del Congreso de los Diputados la rechaz\u00f3.<\/p>\n\n\n\n<p>En el Consejo de Pol\u00edtica Fiscal y Financiera tienen una forma de regular las mayor\u00edas muy particular; el \u00f3rgano est\u00e1 formado por el Gobierno, quince comunidades aut\u00f3nomas y las ciudades aut\u00f3nomas de Ceuta y Melilla; pues bien, el Gobierno puede sacar adelante sus propuestas con el solo apoyo de una comunidad aut\u00f3noma. Los l\u00edmites del d\u00e9ficit y la deuda fueron aprobados con el apoyo de Asturias, Castilla-La Mancha y Catalu\u00f1a. Funciona la disciplina de partido, al menos en el PSOE. Repito: en cuestiones presupuestarias todo es provisional.<\/p>\n\n\n\n<p>El consejero de Hacienda del Principado, Guillermo Pel\u00e1ez, se mostr\u00f3 muy satisfecho con la propuesta de techo de gasto y la senda de d\u00e9ficit del Ministerio de Hacienda. No creo que la autorizaci\u00f3n del 0,1% de d\u00e9ficit sea algo extraordinario, sobre todo si lo comparamos con el margen que se reserva el Estado, pero el Consejo de Pol\u00edtica Fiscal y Financiera funciona en esta legislatura como Las Cortes Generales. No me refiero a las formas, que son m\u00e1s moderadas, sino a los posicionamientos que est\u00e1n atravesados por la clave partidaria.<\/p>\n\n\n\n<p>Sobre el modelo de financiaci\u00f3n, la vicepresidenta primera del Gobierno y ministra de Hacienda, Mar\u00eda Jes\u00fas Montero, s\u00f3lo hizo comentarios orientativos. En s\u00edntesis, presentar\u00e1 el modelo en enero o febrero, con la intenci\u00f3n de que se aplique en 2027; estar\u00e1 basado en la multilateralidad, pero matizado con algunos enfoques y c\u00e1lculos bilaterales. Mar\u00eda Jes\u00fas Montero garantiz\u00f3 que ser\u00e1 positivo para todas las regiones (quiere decir que todas tendr\u00e1n m\u00e1s recursos que ahora) y se mostr\u00f3 partidaria de penalizar a las regiones que apliquen &#8216;dumping&#8217; fiscal (cuando Montero habla de &#8216;dumping&#8217; hay que traducirlo por bajada de impuestos). Despu\u00e9s de la operaci\u00f3n de la quita de deuda, se puede esperar cualquier cosa.<\/p>\n<!-- AddThis Advanced Settings generic via filter on the_content --><!-- AddThis Share Buttons generic via filter on the_content -->","protected":false},"excerpt":{"rendered":"<p>A la reuni\u00f3n del Consejo de Pol\u00edtica Fiscal y Financiera se lleg\u00f3 con dos expectativas, una relacionada con las previsiones macroecon\u00f3micas (techo de gasto, d\u00e9ficit) para el periodo 2026-2028, y la otra vinculada al futuro modelo de financiaci\u00f3n auton\u00f3mica. Bien es cierto que la primera qued\u00f3 aguada desde que se supo que Junts impedir\u00e1 la [&hellip;]<!-- AddThis Advanced Settings generic via filter on get_the_excerpt --><!-- AddThis Share Buttons generic via filter on get_the_excerpt --><\/p>\n","protected":false},"author":2,"featured_media":0,"comment_status":"open","ping_status":"open","sticky":false,"template":"","format":"standard","meta":[],"categories":[1],"tags":[],"_links":{"self":[{"href":"https:\/\/blogs.elcomercio.es\/largo_de_cafe\/wp-json\/wp\/v2\/posts\/11297"}],"collection":[{"href":"https:\/\/blogs.elcomercio.es\/largo_de_cafe\/wp-json\/wp\/v2\/posts"}],"about":[{"href":"https:\/\/blogs.elcomercio.es\/largo_de_cafe\/wp-json\/wp\/v2\/types\/post"}],"author":[{"embeddable":true,"href":"https:\/\/blogs.elcomercio.es\/largo_de_cafe\/wp-json\/wp\/v2\/users\/2"}],"replies":[{"embeddable":true,"href":"https:\/\/blogs.elcomercio.es\/largo_de_cafe\/wp-json\/wp\/v2\/comments?post=11297"}],"version-history":[{"count":2,"href":"https:\/\/blogs.elcomercio.es\/largo_de_cafe\/wp-json\/wp\/v2\/posts\/11297\/revisions"}],"predecessor-version":[{"id":11299,"href":"https:\/\/blogs.elcomercio.es\/largo_de_cafe\/wp-json\/wp\/v2\/posts\/11297\/revisions\/11299"}],"wp:attachment":[{"href":"https:\/\/blogs.elcomercio.es\/largo_de_cafe\/wp-json\/wp\/v2\/media?parent=11297"}],"wp:term":[{"taxonomy":"category","embeddable":true,"href":"https:\/\/blogs.elcomercio.es\/largo_de_cafe\/wp-json\/wp\/v2\/categories?post=11297"},{"taxonomy":"post_tag","embeddable":true,"href":"https:\/\/blogs.elcomercio.es\/largo_de_cafe\/wp-json\/wp\/v2\/tags?post=11297"}],"curies":[{"name":"wp","href":"https:\/\/api.w.org\/{rel}","templated":true}]}}