{"id":113,"date":"2007-10-22T00:08:35","date_gmt":"2007-10-22T00:08:35","guid":{"rendered":"http:\/\/blogs.elcomercio.es\/largo_de_cafe\/?p=113"},"modified":"2007-10-22T00:08:35","modified_gmt":"2007-10-22T00:08:35","slug":"el-umbral-los-800-euros","status":"publish","type":"post","link":"https:\/\/blogs.elcomercio.es\/largo_de_cafe\/2007\/10\/22\/el-umbral-los-800-euros\/","title":{"rendered":"EL UMBRAL DE LOS 800 EUROS"},"content":{"rendered":"<p>    En caso de ser reelegido como presidente, Zapatero promete para la pr\u00f3xima legislatura que elevar\u00e1 el salario m\u00ednimo hasta los 800 euros. Dicho salario se encuentra en la actualidad en los 570 euros y va a ser pr\u00f3ximamente incrementado hasta los 600. El salario m\u00ednimo s\u00f3lo afecta a 130.000 trabajadores, aunque es una referencia para otro tipo de sueldos y ayudas. En el actual mandato conoci\u00f3 una elevaci\u00f3n del 33%, bastante m\u00e1s que en anteriores periodos legislativos. La promesa realizada por Zapatero consiste en mantener el mismo porcentaje de incremento para el pr\u00f3ximo mandato, al elevarlo de los 600 a los 800 euros.<br \/>\n    Las organizaciones de los trabajadores piden revisar la cantidad de dicho salario sin tomar como referencia la inflaci\u00f3n, al aludir a las condiciones econ\u00f3micas m\u00ednimas para poder tener una vida digna. Por su lado, la patronal pide moderaci\u00f3n, tomando como argumento el desbordamiento  de los costes salariales. En realidad, cualquier aumento de sueldos tiene como contexto obligado el incremento del \u00cdndice de Precios al Consumo (IPC), aunque con el salario m\u00ednimo hay que hacer algunas consideraciones especiales.<br \/>\n     Lo primero que cabe decir es que la subida del salario m\u00ednimo no tiene una especial repercusi\u00f3n en el sistema, porque afecta a pocos trabajadores. En distintos pa\u00edses de la UE, cuando se estableci\u00f3 una revisi\u00f3n autom\u00e1tica semestral del salario m\u00ednimo, las diversas patronales lo criticaron por ser causante de la inflaci\u00f3n, pero no cabe establecer ese nexo. En la actualidad, en Espa\u00f1a hay m\u00e1s de 20 millones de trabajadores en n\u00f3mina y el salario m\u00ednimo afecta a un porcentaje m\u00ednimo de ese extenso colectivo. Al margen de la posici\u00f3n de la patronal, hay una cr\u00edtica de car\u00e1cter liberal al salario m\u00ednimo que no tiene como objeto la cuant\u00eda del mismo, sino el hecho de que el Gobierno se inmiscuya en las relaciones laborales, cuando el mercado libremente puede ajustar todos los sueldos. La verdad es que en Espa\u00f1a hay mucha gente dispuesta a trabajar por menos de 600 euros, pero el car\u00e1cter social del Estado, fijado en el primer art\u00edculo de la Constituci\u00f3n, obliga a intervenir. Conclusi\u00f3n: correcta la promesa de Zapatero, que s\u00f3lo tiene el riesgo de provocar menos contrataciones.    <\/p>\n<!-- AddThis Advanced Settings generic via filter on the_content --><!-- AddThis Share Buttons generic via filter on the_content -->","protected":false},"excerpt":{"rendered":"<p>En caso de ser reelegido como presidente, Zapatero promete para la pr\u00f3xima legislatura que elevar\u00e1 el salario m\u00ednimo hasta los 800 euros. Dicho salario se encuentra en la actualidad en los 570 euros y va a ser pr\u00f3ximamente incrementado hasta los 600. El salario m\u00ednimo s\u00f3lo afecta a 130.000 trabajadores, aunque es una referencia para [&hellip;]<!-- AddThis Advanced Settings generic via filter on get_the_excerpt --><!-- AddThis Share Buttons generic via filter on get_the_excerpt --><\/p>\n","protected":false},"author":2,"featured_media":0,"comment_status":"open","ping_status":"closed","sticky":false,"template":"","format":"standard","meta":[],"categories":[4],"tags":[],"_links":{"self":[{"href":"https:\/\/blogs.elcomercio.es\/largo_de_cafe\/wp-json\/wp\/v2\/posts\/113"}],"collection":[{"href":"https:\/\/blogs.elcomercio.es\/largo_de_cafe\/wp-json\/wp\/v2\/posts"}],"about":[{"href":"https:\/\/blogs.elcomercio.es\/largo_de_cafe\/wp-json\/wp\/v2\/types\/post"}],"author":[{"embeddable":true,"href":"https:\/\/blogs.elcomercio.es\/largo_de_cafe\/wp-json\/wp\/v2\/users\/2"}],"replies":[{"embeddable":true,"href":"https:\/\/blogs.elcomercio.es\/largo_de_cafe\/wp-json\/wp\/v2\/comments?post=113"}],"version-history":[{"count":0,"href":"https:\/\/blogs.elcomercio.es\/largo_de_cafe\/wp-json\/wp\/v2\/posts\/113\/revisions"}],"wp:attachment":[{"href":"https:\/\/blogs.elcomercio.es\/largo_de_cafe\/wp-json\/wp\/v2\/media?parent=113"}],"wp:term":[{"taxonomy":"category","embeddable":true,"href":"https:\/\/blogs.elcomercio.es\/largo_de_cafe\/wp-json\/wp\/v2\/categories?post=113"},{"taxonomy":"post_tag","embeddable":true,"href":"https:\/\/blogs.elcomercio.es\/largo_de_cafe\/wp-json\/wp\/v2\/tags?post=113"}],"curies":[{"name":"wp","href":"https:\/\/api.w.org\/{rel}","templated":true}]}}