{"id":11300,"date":"2025-11-20T00:24:09","date_gmt":"2025-11-19T23:24:09","guid":{"rendered":"https:\/\/blogs.elcomercio.es\/largo_de_cafe\/?p=11300"},"modified":"2025-11-20T00:24:09","modified_gmt":"2025-11-19T23:24:09","slug":"ciudadanos-comprometidos","status":"publish","type":"post","link":"https:\/\/blogs.elcomercio.es\/largo_de_cafe\/2025\/11\/20\/ciudadanos-comprometidos\/","title":{"rendered":"CIUDADANOS COMPROMETIDOS"},"content":{"rendered":"\n<p>La Plataforma Ciudadana Peaje NO, liderada por Daniel Ripa, exdirigente de Podemos, ha alcanzado el primer triunfo al lograr que la Fiscal\u00eda admita a tr\u00e1mite la petici\u00f3n de declarar ilegal el cobro del peaje del Huerna al haber obras en la calzada que lentifican el viaje. La Fiscal\u00eda va a estudiar si corresponde realizar acciones legales para defender los derechos ciudadanos. Se empieza a mover la maquinaria de la justicia.<\/p>\n\n\n\n<p>En la AP-9, que une Ferrol con Tui, v\u00eda gemela a la AP-66 que enlaza Asturias con Le\u00f3n, el Tribunal Supremo ha condenado a Audasa, empresa que gestiona la autov\u00eda, por cobrar \u00edntegra la tasa cuando hay obras que incrementan el tiempo del viaje. Son dos casos id\u00e9nticos, el gallego y el nuestro, as\u00ed que lo l\u00f3gico es que el Tribunal Supremo penalice a la empresa Aucalsa por llevar un a\u00f1o cobrando 15,6 euros, como si la calzada estuviese expedita y se pudiese transitar sin restricciones de velocidad. Daniel Ripa juzg\u00f3 como \u00abinadmisible\u00bb el comportamiento de Aucalsa, empresa que tiene la concesi\u00f3n sobre la autopista del Huerna, porque pertenece al Grupo It\u00ednere Infraestructuras S.A, donde est\u00e1 inserta tambi\u00e9n Audasa, la empresa condenada por el Tribunal Supremo en Galicia. Para actuar as\u00ed \u00abhay que tener la cara muy dura\u00bb, en opini\u00f3n de Ripa.<\/p>\n\n\n\n<p>Aucalsa, Audasa, empresas del Grupo It\u00ednere Infraestructuras, persiguen el objetivo de maximizar el beneficio, sin entrar en otras consideraciones, y por eso han sido penalizadas en el caso de la doble calzada gallega y, es muy probable, que tambi\u00e9n sean condenados en el caso de la v\u00eda asturleonesa. No obstante, me extra\u00f1a m\u00e1s el comportamiento de las administraciones p\u00fablicas. El Ministerio de Transportes no puso ning\u00fan impedimento a que la empresa concesionaria mantuviera una tasa abusiva a los ciudadanos, cuando la calzada no estaba en condiciones de garantizar el uso est\u00e1ndar a los clientes. El ministro Puente, tan volcado en el papel de vende motos, como esa l\u00ednea supers\u00f3nica entre Madrid y Barcelona, que s\u00f3lo la pueden mejorar los chinos (los movimientos espasm\u00f3dicos del Gobierno revelan con nitidez el resultado catastr\u00f3fico de las encuestas), no consider\u00f3 oportuno advertir a la empresa del atropello que supone cobrar por algo que no se ofrece. Tampoco el Principado exigi\u00f3 a Aucalsa que rebajara el precio de utilizar la autopista.<\/p>\n\n\n\n<p>Si la historia tiene un final feliz (los usuarios recuperan parte del dinero pagado durante el \u00faltimo a\u00f1o) ser\u00e1, principalmente, por el esfuerzo de gente como Daniel Ripa.<\/p>\n<!-- AddThis Advanced Settings generic via filter on the_content --><!-- AddThis Share Buttons generic via filter on the_content -->","protected":false},"excerpt":{"rendered":"<p>La Plataforma Ciudadana Peaje NO, liderada por Daniel Ripa, exdirigente de Podemos, ha alcanzado el primer triunfo al lograr que la Fiscal\u00eda admita a tr\u00e1mite la petici\u00f3n de declarar ilegal el cobro del peaje del Huerna al haber obras en la calzada que lentifican el viaje. La Fiscal\u00eda va a estudiar si corresponde realizar acciones [&hellip;]<!-- AddThis Advanced Settings generic via filter on get_the_excerpt --><!-- AddThis Share Buttons generic via filter on get_the_excerpt --><\/p>\n","protected":false},"author":2,"featured_media":0,"comment_status":"open","ping_status":"open","sticky":false,"template":"","format":"standard","meta":[],"categories":[1],"tags":[],"_links":{"self":[{"href":"https:\/\/blogs.elcomercio.es\/largo_de_cafe\/wp-json\/wp\/v2\/posts\/11300"}],"collection":[{"href":"https:\/\/blogs.elcomercio.es\/largo_de_cafe\/wp-json\/wp\/v2\/posts"}],"about":[{"href":"https:\/\/blogs.elcomercio.es\/largo_de_cafe\/wp-json\/wp\/v2\/types\/post"}],"author":[{"embeddable":true,"href":"https:\/\/blogs.elcomercio.es\/largo_de_cafe\/wp-json\/wp\/v2\/users\/2"}],"replies":[{"embeddable":true,"href":"https:\/\/blogs.elcomercio.es\/largo_de_cafe\/wp-json\/wp\/v2\/comments?post=11300"}],"version-history":[{"count":1,"href":"https:\/\/blogs.elcomercio.es\/largo_de_cafe\/wp-json\/wp\/v2\/posts\/11300\/revisions"}],"predecessor-version":[{"id":11301,"href":"https:\/\/blogs.elcomercio.es\/largo_de_cafe\/wp-json\/wp\/v2\/posts\/11300\/revisions\/11301"}],"wp:attachment":[{"href":"https:\/\/blogs.elcomercio.es\/largo_de_cafe\/wp-json\/wp\/v2\/media?parent=11300"}],"wp:term":[{"taxonomy":"category","embeddable":true,"href":"https:\/\/blogs.elcomercio.es\/largo_de_cafe\/wp-json\/wp\/v2\/categories?post=11300"},{"taxonomy":"post_tag","embeddable":true,"href":"https:\/\/blogs.elcomercio.es\/largo_de_cafe\/wp-json\/wp\/v2\/tags?post=11300"}],"curies":[{"name":"wp","href":"https:\/\/api.w.org\/{rel}","templated":true}]}}