{"id":11303,"date":"2025-11-21T23:50:15","date_gmt":"2025-11-21T22:50:15","guid":{"rendered":"https:\/\/blogs.elcomercio.es\/largo_de_cafe\/?p=11303"},"modified":"2025-11-21T23:50:15","modified_gmt":"2025-11-21T22:50:15","slug":"simulacro-de-reforma","status":"publish","type":"post","link":"https:\/\/blogs.elcomercio.es\/largo_de_cafe\/2025\/11\/21\/simulacro-de-reforma\/","title":{"rendered":"SIMULACRO DE REFORMA"},"content":{"rendered":"\n<p>La reforma fiscal impulsada por el Gobierno de coalici\u00f3n de la izquierda (PSOE e IU-Convocatoria por Asturies) y apoyada por la diputada Tom\u00e9, ex de Podemos, ha sido aprobada en la Junta General del Principado. Entre los tres grupos y Tom\u00e9 suman 23 esca\u00f1os, cruzando el umbral de la mayor\u00eda absoluta. La oposici\u00f3n de derechas tiene 22 diputados. En la C\u00e1mara asturiana, un esca\u00f1o separa a los dos bloques, as\u00ed que si act\u00faa unida la izquierda tiene capacidad de decisi\u00f3n, mientras no se necesiten mayor\u00edas cualificadas (ejemplo, la cooficialidad de las lenguas).<\/p>\n\n\n\n<p>En agosto de 2014, el Gobierno de Rajoy, apoy\u00e1ndose en la mayor\u00eda absoluta obtenida en las urnas, aprob\u00f3 una reforma fiscal. A los tres a\u00f1os de aplicarse la Agencia Tributaria se\u00f1al\u00f3 que afectaba al 72% de los contribuyentes, y de media supon\u00eda una rebaja del 12% para los declarantes. Para las rentas inferiores a los 18.000 euros, la rebaja de media era del 31,06%. En la reforma fiscal aprobada ayer por el Parlamento asturiano, las rentas m\u00e1s beneficiadas son las inferiores a los 35.000 euros; con la reforman del IRPF ahorran 119 euros. Tambi\u00e9n tienen un microsc\u00f3pico ahorro las rentas superiores a los 35.000 euros e inferiores a los 55.000. A partir de ese umbral la reforma es neutral. Es decir, la reforma no va con ellos, siguen como estaban. Hay que ir al reducid\u00edsimo grupo de las personas que tiene unos ingresos superiores a los 175.000 euros anuales para que el tipo se incremente en medio punto. La reforma tambi\u00e9n implica una min\u00fascula modificaci\u00f3n en el Impuesto de Transmisiones Patrimoniales y Actos Jur\u00eddicos Documentados, que va destinada a los propietarios de m\u00e1s de diez viviendas (cinco si es zona declarada como tensionada). Si compran otra vivienda les pondr\u00e1n un gravamen del 20%; para el resto de mortales el gravamen es del 15%.<\/p>\n\n\n\n<p>Recuerdo que en 2014 los peri\u00f3dicos se llenaron de art\u00edculos de opini\u00f3n de profesores de Hacienda P\u00fablica y expertos fiscales calificando la reforma del Gobierno Rajoy de ocasi\u00f3n perdida. Carec\u00eda de cambios sustanciales. Pues bien, aquella reforma comparada con las modificaciones fiscales aprobadas ayer en la C\u00e1mara asturiana, era una revoluci\u00f3n. \u00bfC\u00f3mo se puede decir que la reforma del Gobierno de coalici\u00f3n de la izquierda favorece a las rentas m\u00e1s bajas, si todo el beneficio es de 119 euros, en el mejor de los casos? \u00bfC\u00f3mo se puede pregonar que es progresista si el Gobierno no deflacta el IRPF y los trabajadores pierden m\u00e1s por esa v\u00eda de lo que ganan con la calderilla de los cambios?<\/p>\n<!-- AddThis Advanced Settings generic via filter on the_content --><!-- AddThis Share Buttons generic via filter on the_content -->","protected":false},"excerpt":{"rendered":"<p>La reforma fiscal impulsada por el Gobierno de coalici\u00f3n de la izquierda (PSOE e IU-Convocatoria por Asturies) y apoyada por la diputada Tom\u00e9, ex de Podemos, ha sido aprobada en la Junta General del Principado. Entre los tres grupos y Tom\u00e9 suman 23 esca\u00f1os, cruzando el umbral de la mayor\u00eda absoluta. La oposici\u00f3n de derechas [&hellip;]<!-- AddThis Advanced Settings generic via filter on get_the_excerpt --><!-- AddThis Share Buttons generic via filter on get_the_excerpt --><\/p>\n","protected":false},"author":2,"featured_media":0,"comment_status":"open","ping_status":"open","sticky":false,"template":"","format":"standard","meta":[],"categories":[1],"tags":[],"_links":{"self":[{"href":"https:\/\/blogs.elcomercio.es\/largo_de_cafe\/wp-json\/wp\/v2\/posts\/11303"}],"collection":[{"href":"https:\/\/blogs.elcomercio.es\/largo_de_cafe\/wp-json\/wp\/v2\/posts"}],"about":[{"href":"https:\/\/blogs.elcomercio.es\/largo_de_cafe\/wp-json\/wp\/v2\/types\/post"}],"author":[{"embeddable":true,"href":"https:\/\/blogs.elcomercio.es\/largo_de_cafe\/wp-json\/wp\/v2\/users\/2"}],"replies":[{"embeddable":true,"href":"https:\/\/blogs.elcomercio.es\/largo_de_cafe\/wp-json\/wp\/v2\/comments?post=11303"}],"version-history":[{"count":1,"href":"https:\/\/blogs.elcomercio.es\/largo_de_cafe\/wp-json\/wp\/v2\/posts\/11303\/revisions"}],"predecessor-version":[{"id":11304,"href":"https:\/\/blogs.elcomercio.es\/largo_de_cafe\/wp-json\/wp\/v2\/posts\/11303\/revisions\/11304"}],"wp:attachment":[{"href":"https:\/\/blogs.elcomercio.es\/largo_de_cafe\/wp-json\/wp\/v2\/media?parent=11303"}],"wp:term":[{"taxonomy":"category","embeddable":true,"href":"https:\/\/blogs.elcomercio.es\/largo_de_cafe\/wp-json\/wp\/v2\/categories?post=11303"},{"taxonomy":"post_tag","embeddable":true,"href":"https:\/\/blogs.elcomercio.es\/largo_de_cafe\/wp-json\/wp\/v2\/tags?post=11303"}],"curies":[{"name":"wp","href":"https:\/\/api.w.org\/{rel}","templated":true}]}}