{"id":11305,"date":"2025-11-21T23:51:44","date_gmt":"2025-11-21T22:51:44","guid":{"rendered":"https:\/\/blogs.elcomercio.es\/largo_de_cafe\/?p=11305"},"modified":"2025-11-21T23:51:45","modified_gmt":"2025-11-21T22:51:45","slug":"solucion-al-alquiler","status":"publish","type":"post","link":"https:\/\/blogs.elcomercio.es\/largo_de_cafe\/2025\/11\/21\/solucion-al-alquiler\/","title":{"rendered":"SOLUCI\u00d3N AL ALQUILER"},"content":{"rendered":"\n<p>El Gobierno regional va a poner en marcha el programa Alquil\u00e1moste para que los propietarios puedan alquilar sus pisos a precio contenido. La esencia del programa consiste en que los arrendadores cedan los inmuebles al Principado para que \u00e9ste los arriende por una renta inferior a los 700 euros al mes. El Gobierno garantiza el cobro de la renta y la reparaci\u00f3n de los desperfectos.<\/p>\n\n\n\n<p>En otros pa\u00edses el problema de la vivienda se resuelve con el concurso de promotores y constructores, que es tanto como decir, estimulando la oferta. En el Gobierno asturiano, la vivienda entra dentro de las competencias de IU. La crisis de la vivienda la resuelve controlando la oferta, canalizando la demanda y fijando el precio. Alquil\u00e1moste es una copia de una iniciativa (&#8216;Etxebide&#8217;) que desarrolla el Gobierno vasco desde hace veinte a\u00f1os.<\/p>\n\n\n\n<p>Alquil\u00e1moste va a empezar en Asturias con una oferta de 150 pisos. Entiendo que puede ser un punto de partida para que Viviendas del Principado de Asturias (Vipasa), empresa p\u00fablica de la vivienda que administra el patrimonio inmobiliario del Principado, promueve y rehabilita edificios p\u00fablicos, vaya adquiriendo experiencia para gestionar el programa, pero en modo alguno puede nadie suponer que poniendo en el mercado 150 pisos se empieza a solucionar la crisis de la vivienda. Queda poco m\u00e1s de un a\u00f1o de mandato, as\u00ed que una iniciativa anunciada al principio de la legislatura no va a pasar de la fase de laboratorio. La cantidad de inmuebles es muy peque\u00f1a y est\u00e1 respaldada por una partida presupuestaria irrisoria: un mill\u00f3n de euros.<\/p>\n\n\n\n<p>Como todo el programa est\u00e1 gestionado por la Consejer\u00eda de Ordenaci\u00f3n del Territorio (la \u00fanica del Gobierno de coalici\u00f3n que no tiene al frente a un consejero socialista), desde los despachos han decidido distribuir los 150 pisos por la regi\u00f3n, en cuotas territoriales, en vez de dejar que sean los ciudadanos quienes tomen la iniciativa. El 80% de ellos estar\u00e1n el \u00e1rea central asturiana. Es curioso que en el \u00e1rea central no incluyan a las cuencas mineras, aunque eso no quiere decir que se queden sin cuota de pisos (27 viviendas). En la Consejer\u00eda de Ordenaci\u00f3n tienen su propia visi\u00f3n sobre el contorno del \u00e1rea central.<\/p>\n\n\n\n<p>El programa no es f\u00e1cil de digerir. Un ejemplo. El IBI de las viviendas lo paga Vipasa. Los miles y miles de arrendadores que hay en Asturias pagan religiosamente el IBI, pero si alquilan el piso a trav\u00e9s de Vipasa, lo abonar\u00e1 la empresa p\u00fablica que, a su vez, lo puede repercutir en el arrendatario. Ins\u00f3lito.<\/p>\n<!-- AddThis Advanced Settings generic via filter on the_content --><!-- AddThis Share Buttons generic via filter on the_content -->","protected":false},"excerpt":{"rendered":"<p>El Gobierno regional va a poner en marcha el programa Alquil\u00e1moste para que los propietarios puedan alquilar sus pisos a precio contenido. La esencia del programa consiste en que los arrendadores cedan los inmuebles al Principado para que \u00e9ste los arriende por una renta inferior a los 700 euros al mes. El Gobierno garantiza el [&hellip;]<!-- AddThis Advanced Settings generic via filter on get_the_excerpt --><!-- AddThis Share Buttons generic via filter on get_the_excerpt --><\/p>\n","protected":false},"author":2,"featured_media":0,"comment_status":"open","ping_status":"open","sticky":false,"template":"","format":"standard","meta":[],"categories":[1],"tags":[],"_links":{"self":[{"href":"https:\/\/blogs.elcomercio.es\/largo_de_cafe\/wp-json\/wp\/v2\/posts\/11305"}],"collection":[{"href":"https:\/\/blogs.elcomercio.es\/largo_de_cafe\/wp-json\/wp\/v2\/posts"}],"about":[{"href":"https:\/\/blogs.elcomercio.es\/largo_de_cafe\/wp-json\/wp\/v2\/types\/post"}],"author":[{"embeddable":true,"href":"https:\/\/blogs.elcomercio.es\/largo_de_cafe\/wp-json\/wp\/v2\/users\/2"}],"replies":[{"embeddable":true,"href":"https:\/\/blogs.elcomercio.es\/largo_de_cafe\/wp-json\/wp\/v2\/comments?post=11305"}],"version-history":[{"count":1,"href":"https:\/\/blogs.elcomercio.es\/largo_de_cafe\/wp-json\/wp\/v2\/posts\/11305\/revisions"}],"predecessor-version":[{"id":11306,"href":"https:\/\/blogs.elcomercio.es\/largo_de_cafe\/wp-json\/wp\/v2\/posts\/11305\/revisions\/11306"}],"wp:attachment":[{"href":"https:\/\/blogs.elcomercio.es\/largo_de_cafe\/wp-json\/wp\/v2\/media?parent=11305"}],"wp:term":[{"taxonomy":"category","embeddable":true,"href":"https:\/\/blogs.elcomercio.es\/largo_de_cafe\/wp-json\/wp\/v2\/categories?post=11305"},{"taxonomy":"post_tag","embeddable":true,"href":"https:\/\/blogs.elcomercio.es\/largo_de_cafe\/wp-json\/wp\/v2\/tags?post=11305"}],"curies":[{"name":"wp","href":"https:\/\/api.w.org\/{rel}","templated":true}]}}