{"id":11308,"date":"2025-11-22T22:09:31","date_gmt":"2025-11-22T21:09:31","guid":{"rendered":"https:\/\/blogs.elcomercio.es\/largo_de_cafe\/?p=11308"},"modified":"2025-11-22T22:09:31","modified_gmt":"2025-11-22T21:09:31","slug":"atacar-al-tribunal-supremo","status":"publish","type":"post","link":"https:\/\/blogs.elcomercio.es\/largo_de_cafe\/2025\/11\/22\/atacar-al-tribunal-supremo\/","title":{"rendered":"ATACAR AL TRIBUNAL SUPREMO"},"content":{"rendered":"\n<p>La condena de \u00c1lvaro Garc\u00eda Ortiz, fiscal general del Estado, por un delito de revelaci\u00f3n de secretos, ha provocado un aumento de la tensi\u00f3n entre los dos bloques en que est\u00e1n divididas las instituciones y una parte importante de la sociedad espa\u00f1ola. Se ha reiterado hasta la saciedad que era la primera vez que el m\u00e1s cualificado representante del Ministerio Fiscal, encargado de promover la acci\u00f3n de la justicia, la defensa de la legalidad y del inter\u00e9s p\u00fablico, as\u00ed como proteger los derechos de los ciudadanos, se ve\u00eda incurso en una causa penal, pero aun as\u00ed, todo hubiese sido menos traum\u00e1tico si Garc\u00eda Ortiz hubiera sido acusado por revelar secretos de cualquier persona alejada de la pol\u00edtica, pero el ciudadano que pidi\u00f3 amparo a la justicia es Amador Gonz\u00e1lez, pareja de Ayuso, presidenta de la Comunidad Aut\u00f3noma de Madrid, y principal blanco de los ataques de la izquierda. De manera expl\u00edcita el juicio versaba sobre la implicaci\u00f3n del fiscal general en una operaci\u00f3n pol\u00edtica de altos vuelos que ten\u00eda como objetivo da\u00f1ar el prestigio de Ayuso.<\/p>\n\n\n\n<p>Garc\u00eda Ortiz cont\u00f3 hasta el final con el apoyo del presidente del Gobierno, que tuvo el arrojo de anticipar el veredicto judicial (inocente) bas\u00e1ndose en una interpretaci\u00f3n personal del desarrollo de las sesiones del juicio oral. La condena por inhabilitaci\u00f3n especial para empleo o cargo p\u00fablico por un periodo de dos a\u00f1os lo aparta definitivamente del puesto que ocupa desde agosto de 2022 y erosiona la imagen del Gobierno.<\/p>\n\n\n\n<p>La primera reacci\u00f3n a la condena ha sido el ataque al Tribunal Supremo por aquellos que deber\u00edan mostrarse, al menos, neutrales, como el grupo parlamentario de Sumar que habla de \u00abgolpe judicial en toda regla\u00bb o \u00abcombate pol\u00edtico contra el Gobierno\u00bb. Irene Montero (Podemos) ha dicho que el fallo judicial es \u00abpuro golpismo\u00bb. Los dirigentes socialistas tampoco se muestran comedidos: \u00abLa sentencia es una aut\u00e9ntica verg\u00fcenza\u00bb (Patxi L\u00f3pez). En los \u00faltimos ochenta y cinco a\u00f1os nunca la clase pol\u00edtica se atrevi\u00f3 a utilizar la piqueta de una forma tan descarada para cargarse al tercer poder del Estado.<\/p>\n\n\n\n<p>S\u00f3lo ha transcurrido la mitad de esta legislatura y todo motivo es v\u00e1lido para tensionar la vida pol\u00edtica y cuestionar las instituciones. Qu\u00e9 lejos quedan los viejos consensos. La agenda oficial ofrece a corto plazo m\u00e1s motivos para la discordia: en febrero empezar\u00e1 el juicio contra el hermano de S\u00e1nchez. Luego le tocar\u00e1 el turno a la esposa del presidente. Qu\u00e9 dif\u00edcil ser\u00e1 superar el Cabo de las Tormentas.<\/p>\n<!-- AddThis Advanced Settings generic via filter on the_content --><!-- AddThis Share Buttons generic via filter on the_content -->","protected":false},"excerpt":{"rendered":"<p>La condena de \u00c1lvaro Garc\u00eda Ortiz, fiscal general del Estado, por un delito de revelaci\u00f3n de secretos, ha provocado un aumento de la tensi\u00f3n entre los dos bloques en que est\u00e1n divididas las instituciones y una parte importante de la sociedad espa\u00f1ola. Se ha reiterado hasta la saciedad que era la primera vez que el [&hellip;]<!-- AddThis Advanced Settings generic via filter on get_the_excerpt --><!-- AddThis Share Buttons generic via filter on get_the_excerpt --><\/p>\n","protected":false},"author":2,"featured_media":0,"comment_status":"open","ping_status":"open","sticky":false,"template":"","format":"standard","meta":[],"categories":[1],"tags":[],"_links":{"self":[{"href":"https:\/\/blogs.elcomercio.es\/largo_de_cafe\/wp-json\/wp\/v2\/posts\/11308"}],"collection":[{"href":"https:\/\/blogs.elcomercio.es\/largo_de_cafe\/wp-json\/wp\/v2\/posts"}],"about":[{"href":"https:\/\/blogs.elcomercio.es\/largo_de_cafe\/wp-json\/wp\/v2\/types\/post"}],"author":[{"embeddable":true,"href":"https:\/\/blogs.elcomercio.es\/largo_de_cafe\/wp-json\/wp\/v2\/users\/2"}],"replies":[{"embeddable":true,"href":"https:\/\/blogs.elcomercio.es\/largo_de_cafe\/wp-json\/wp\/v2\/comments?post=11308"}],"version-history":[{"count":1,"href":"https:\/\/blogs.elcomercio.es\/largo_de_cafe\/wp-json\/wp\/v2\/posts\/11308\/revisions"}],"predecessor-version":[{"id":11309,"href":"https:\/\/blogs.elcomercio.es\/largo_de_cafe\/wp-json\/wp\/v2\/posts\/11308\/revisions\/11309"}],"wp:attachment":[{"href":"https:\/\/blogs.elcomercio.es\/largo_de_cafe\/wp-json\/wp\/v2\/media?parent=11308"}],"wp:term":[{"taxonomy":"category","embeddable":true,"href":"https:\/\/blogs.elcomercio.es\/largo_de_cafe\/wp-json\/wp\/v2\/categories?post=11308"},{"taxonomy":"post_tag","embeddable":true,"href":"https:\/\/blogs.elcomercio.es\/largo_de_cafe\/wp-json\/wp\/v2\/tags?post=11308"}],"curies":[{"name":"wp","href":"https:\/\/api.w.org\/{rel}","templated":true}]}}