{"id":11312,"date":"2025-11-25T00:20:08","date_gmt":"2025-11-24T23:20:08","guid":{"rendered":"https:\/\/blogs.elcomercio.es\/largo_de_cafe\/?p=11312"},"modified":"2025-11-25T00:20:09","modified_gmt":"2025-11-24T23:20:09","slug":"demonios-familiares-3","status":"publish","type":"post","link":"https:\/\/blogs.elcomercio.es\/largo_de_cafe\/2025\/11\/25\/demonios-familiares-3\/","title":{"rendered":"DEMONIOS FAMILIARES"},"content":{"rendered":"\n<p>La sentencia condenatoria del Tribunal Supremo al fiscal general del Estado estaba desde el principio del incidente (filtraci\u00f3n de la nota de prensa que incluye entrecomillados de correos privados del abogado de Gonz\u00e1lez Amador) sobre la mesa. Era una posibilidad que con el paso del tiempo deriv\u00f3 en probabilidad, a ojos de profano, por los distintos accidentes y casualidades que se fueron hilando para que \u00c1lvaro Garc\u00eda Ortiz saliera limpio de paja de la peripecia judicial.<\/p>\n\n\n\n<p>Aunque la justicia se apoya en la objetividad y el contraste entre las conductas y el C\u00f3digo Penal, para un profano (no desde\u00f1ar esta figura ya que de ella se nutre el jurado que emite los veredictos) es importante el elemento subjetivo que se compone de muchos elementos, como es la firmeza en las declaraciones, las evasivas, las dudas, el miedo a responder y la gesticulaci\u00f3n de los testigos. Por no citar un aspecto central en este juicio: los episodios de amnesia sobrevenidos.<\/p>\n\n\n\n<p><strong>Amnesia<\/strong><br>Hubo testigos que en la etapa en que sucedi\u00f3 la filtraci\u00f3n trabajaban en la Moncloa. Recordaban a la perfecci\u00f3n la hora exacta en que hab\u00edan hablado con fulanito o recibido el guasap de zutanita, pero no recordaban el medio de comunicaci\u00f3n ni el nombre del periodista que le hab\u00eda enviado la imagen del correo clave.<\/p>\n\n\n\n<p>Muy curiosas, igualmente, las penalidades de Juan Lobato, senador socialista, por haber tenido la cauci\u00f3n de registrar en la notar\u00eda un mensaje de Pilar S\u00e1nchez Acera que inclu\u00eda un pantallazo del correo electr\u00f3nico del abogado de Gonz\u00e1lez Amador a la Fiscal\u00eda. La prueba del delito. Por esa actuaci\u00f3n fue defenestrado del poder en el PSOE de la Comunidad de Madrid.<\/p>\n\n\n\n<p>Dio la casualidad que Acera tuvo lagunas pasmosas en su memoria y que, como \u00c1lvaro Garc\u00eda Ortiz, procedi\u00f3 a borrar todos los mensajes de su tel\u00e9fono.<\/p>\n\n\n\n<p>Qu\u00e9 casualidad.<\/p>\n\n\n\n<p>Por \u00faltimo, para los que alg\u00fan d\u00eda, quiz\u00e1s lejano, hayan le\u00eddo a Jaime Balmes, recordar\u00e1n su argumentaci\u00f3n sobre la certeza y la verdad. Los criterios de verdad son la conciencia, la evidencia y el sentido com\u00fan. En el juicio oral quien mejor los encarn\u00f3, con gran distancia sobre el resto, fue la fiscal Almudena Lastra, que, sin decir buenos d\u00edas, le espet\u00f3 al fiscal general del Estado: \u00abHas filtrado los correos\u00bb, a lo qu\u00e9 \u00e9l repuso: \u00abEso ahora no importa\u00bb. La firmeza, claridad y rapidez de las respuestas, en contraste con las dubitaciones del resto o la manera de responder con el silencio, permiten conceder la certeza moral al testimonio de Almudena Lastra.<\/p>\n\n\n\n<p><strong>Justicia<br><\/strong>Conocida la condena, empieza una nueva etapa en la legislatura que tiene como principal objetivo atacar a los magistrados del Tribunal Supremo, como paso previo para reformar la Ley Org\u00e1nica del Poder Judicial. Pablo Iglesias lo espet\u00f3 sin tapujos: la reforma ser\u00eda para \u00abasaltar\u00bb el Tribunal Supremo y la judicatura. Pedro S\u00e1nchez guarda silencio, pero seguro que sus am\u00edgdalas cerebrales (\u00f3rgano del miedo) liberan respuestas para proteger a sus familiares procesados. As\u00ed de grave es la actual situaci\u00f3n pol\u00edtica.<\/p>\n\n\n\n<p>Si se transforma el Poder Judicial y se convierte en una extensi\u00f3n del Gobierno, la degradaci\u00f3n institucional ser\u00e1 imparable. No responder\u00edamos a los est\u00e1ndares de la justicia europea, pero esa disonancia quedar\u00eda amortiguada ante la prioridad del rearme europeo y la necesidad de cerrar filas los veintisiete socios ante Rusia.<\/p>\n\n\n\n<p>Hay que olvidarse de las prioridades partidarias y leer con urgencia la nueva coyuntura. Delante de nuestras narices hay algo m\u00e1s que una hipot\u00e9tica convocatoria anticipada de elecciones. Debe ponerse en el frontispicio del discurso pol\u00edtico el respeto y apoyo a leyes y \u00f3rganos que definen nuestro ordenamiento jur\u00eddico y pol\u00edtico. El gran valor a difundir es la estabilidad y solidez del sistema pol\u00edtico espa\u00f1ol. Hay mecanismos para evitar saltos en el vac\u00edo.<\/p>\n\n\n\n<p>No caben sorpresas ni cambios anticonstitucionales apoyados en grupos que no llegan a los ocho esca\u00f1os, repelen la Constituci\u00f3n y evitan nombrar a Espa\u00f1a. Es necesario que los parlamentos auton\u00f3micos se posicionen ante el m\u00ednimo intento de transgredir reglas e instituciones que llevan d\u00e9cadas funcionando. El \u00fanico m\u00e9todo para introducir cambios en el coraz\u00f3n del sistema es el consenso. Con \u00e9l se fragu\u00f3 nuestra alabada Transici\u00f3n democr\u00e1tica. El consenso nos trajo la Constituci\u00f3n con m\u00e1s apoyo popular de nuestra historia.<\/p>\n\n\n\n<p><strong>Felipe Gonz\u00e1lez<\/strong><br>Hasta hoy, el pol\u00edtico que mejor supo leer la delicada coyuntura que atraviesa Espa\u00f1a es Felipe Gonz\u00e1lez. En la ceremonia donde recibi\u00f3 el Tois\u00f3n de Oro, de manos de Felipe VI, en un discurso de ocho minutos, pleno de lucidez, puso el dedo en la llaga; tras aclarar que nuestra gran cuesti\u00f3n hist\u00f3rica es la convivencia entre los espa\u00f1oles (\u00abnunca tuvimos problemas con Espa\u00f1a\u00bb), afirm\u00f3 que \u00abel cometido m\u00e1s importante que tenemos los espa\u00f1oles es preservar a toda costa la paz civil, un marco de convivencia pac\u00edfica, que sea libre y duradero. Eso es lo m\u00e1s transcendente para el bienestar colectivo\u00bb.<\/p>\n\n\n\n<p>Luego indic\u00f3 los tres pilares en que se basa nuestra paz civil: libertad pol\u00edtica, equidad social y diversidad cultural y territorial dentro de un proyecto com\u00fan.<\/p>\n\n\n\n<p>Un discurso en el que advierte a los espa\u00f1oles sobre el retorno de los demonios familiares. Un discurso de indiscutible raigambre &#8216;aza\u00f1ista&#8217;. Eco del famoso, \u00abPaz, piedad, perd\u00f3n\u00bb. Deber\u00edan ponerlo como comentario de texto en la prueba de acceso a la Universidad.<\/p>\n<!-- AddThis Advanced Settings generic via filter on the_content --><!-- AddThis Share Buttons generic via filter on the_content -->","protected":false},"excerpt":{"rendered":"<p>La sentencia condenatoria del Tribunal Supremo al fiscal general del Estado estaba desde el principio del incidente (filtraci\u00f3n de la nota de prensa que incluye entrecomillados de correos privados del abogado de Gonz\u00e1lez Amador) sobre la mesa. Era una posibilidad que con el paso del tiempo deriv\u00f3 en probabilidad, a ojos de profano, por los [&hellip;]<!-- AddThis Advanced Settings generic via filter on get_the_excerpt --><!-- AddThis Share Buttons generic via filter on get_the_excerpt --><\/p>\n","protected":false},"author":2,"featured_media":0,"comment_status":"open","ping_status":"open","sticky":false,"template":"","format":"standard","meta":[],"categories":[1],"tags":[],"_links":{"self":[{"href":"https:\/\/blogs.elcomercio.es\/largo_de_cafe\/wp-json\/wp\/v2\/posts\/11312"}],"collection":[{"href":"https:\/\/blogs.elcomercio.es\/largo_de_cafe\/wp-json\/wp\/v2\/posts"}],"about":[{"href":"https:\/\/blogs.elcomercio.es\/largo_de_cafe\/wp-json\/wp\/v2\/types\/post"}],"author":[{"embeddable":true,"href":"https:\/\/blogs.elcomercio.es\/largo_de_cafe\/wp-json\/wp\/v2\/users\/2"}],"replies":[{"embeddable":true,"href":"https:\/\/blogs.elcomercio.es\/largo_de_cafe\/wp-json\/wp\/v2\/comments?post=11312"}],"version-history":[{"count":1,"href":"https:\/\/blogs.elcomercio.es\/largo_de_cafe\/wp-json\/wp\/v2\/posts\/11312\/revisions"}],"predecessor-version":[{"id":11313,"href":"https:\/\/blogs.elcomercio.es\/largo_de_cafe\/wp-json\/wp\/v2\/posts\/11312\/revisions\/11313"}],"wp:attachment":[{"href":"https:\/\/blogs.elcomercio.es\/largo_de_cafe\/wp-json\/wp\/v2\/media?parent=11312"}],"wp:term":[{"taxonomy":"category","embeddable":true,"href":"https:\/\/blogs.elcomercio.es\/largo_de_cafe\/wp-json\/wp\/v2\/categories?post=11312"},{"taxonomy":"post_tag","embeddable":true,"href":"https:\/\/blogs.elcomercio.es\/largo_de_cafe\/wp-json\/wp\/v2\/tags?post=11312"}],"curies":[{"name":"wp","href":"https:\/\/api.w.org\/{rel}","templated":true}]}}