{"id":11314,"date":"2025-11-25T00:23:22","date_gmt":"2025-11-24T23:23:22","guid":{"rendered":"https:\/\/blogs.elcomercio.es\/largo_de_cafe\/?p=11314"},"modified":"2025-11-25T00:23:23","modified_gmt":"2025-11-24T23:23:23","slug":"privatizacion-en-cogersa","status":"publish","type":"post","link":"https:\/\/blogs.elcomercio.es\/largo_de_cafe\/2025\/11\/25\/privatizacion-en-cogersa\/","title":{"rendered":"PRIVATIZACI\u00d3N EN COGERSA"},"content":{"rendered":"\n<p>La planta de basura bruta, que hab\u00eda ardido en llamas en abril de 2024, ya est\u00e1 lista para reiniciar la tarea de tratar los desechos que llegan al Consorcio para la Gesti\u00f3n de los Residuos S\u00f3lidos de Asturias (Cogersa), con la excepci\u00f3n del material reciclable. En el Consorcio se tomaron las cosas con calma. Dejaron pasar bastantes meses para iniciar la reconstrucci\u00f3n de la planta y no despejaron los interrogantes que hab\u00eda sobre ella. Me refiero a las 150.000 toneladas de combustible s\u00f3lido recuperado que carecen de destino.<\/p>\n\n\n\n<p>Las empresas energ\u00e9ticas o industriales no quieren quemar ese combustible en sus instalaciones y fuera de la regi\u00f3n ninguna empresa mostr\u00f3 inter\u00e9s por ello, pese a que Cogersa pagaba una cantidad nada desde\u00f1able por cada tonelada. El otro gran interrogante versa sobre la gesti\u00f3n de la planta de basura bruta \u00bfQui\u00e9n va a coger los mandos? No se sabe. Creo recordar que, en una ocasi\u00f3n, Alejandro Calvo, miembro del Gobierno del Principado y presidente del Consorcio, dijo que ten\u00edan mucho tiempo para tomar la decisi\u00f3n. El plazo ya se agot\u00f3. Calvo encarg\u00f3 un informe interno para saber cu\u00e1l es la alternativa m\u00e1s adecuada. Toca decidir entre optar por la gesti\u00f3n directa de la planta o privatizar el tratamiento de los residuos.<\/p>\n\n\n\n<p>Con todas las vicisitudes por las que ha pasado Cogersa en los \u00faltimos a\u00f1os, me inclino a considerar que a los pol\u00edticos y t\u00e9cnicos les entra sudor fr\u00edo al pensar en la posibilidad de llevar el control de la planta. Antes del incendio, Tragsa, que es la empresa preferida de las administraciones p\u00fablicas, la gestionaba. Ocurrido el siniestro, Cogersa culp\u00f3 del mismo a Tragsa y le pidi\u00f3 una indemnizaci\u00f3n, as\u00ed que no se dan las mejores circunstancias para decirle que vuelva a ocuparse de la infraestructura citada.<\/p>\n\n\n\n<p>En el informe queda claro que la mejor opci\u00f3n es recurrir a una empresa externa que contrate a los trabajadores (entre 76 y 86) y busque destino para el material irreductible. Cogersa, durante a\u00f1o y medio de inactividad de la planta, ni se plante\u00f3 la contrataci\u00f3n de personal. Ellos est\u00e1n para el tr\u00e1fico de camiones, el vertedero y subir el precio del servicio. La comisi\u00f3n delegada del consorcio decide hoy si se privatiza la gesti\u00f3n de la planta. Se espera el voto afirmativo y posterior ratificaci\u00f3n por parte de la Junta General. En IU est\u00e1n indignados por no haber sido informados y tener que tomar la decisi\u00f3n con un informe sesgado. Les asiste la raz\u00f3n, pero no es la primera vez que les ocurre algo as\u00ed. \u00bfPodr\u00e1n desbaratar el plan de Calvo?<\/p>\n<!-- AddThis Advanced Settings generic via filter on the_content --><!-- AddThis Share Buttons generic via filter on the_content -->","protected":false},"excerpt":{"rendered":"<p>La planta de basura bruta, que hab\u00eda ardido en llamas en abril de 2024, ya est\u00e1 lista para reiniciar la tarea de tratar los desechos que llegan al Consorcio para la Gesti\u00f3n de los Residuos S\u00f3lidos de Asturias (Cogersa), con la excepci\u00f3n del material reciclable. En el Consorcio se tomaron las cosas con calma. Dejaron [&hellip;]<!-- AddThis Advanced Settings generic via filter on get_the_excerpt --><!-- AddThis Share Buttons generic via filter on get_the_excerpt --><\/p>\n","protected":false},"author":2,"featured_media":0,"comment_status":"open","ping_status":"open","sticky":false,"template":"","format":"standard","meta":[],"categories":[1],"tags":[],"_links":{"self":[{"href":"https:\/\/blogs.elcomercio.es\/largo_de_cafe\/wp-json\/wp\/v2\/posts\/11314"}],"collection":[{"href":"https:\/\/blogs.elcomercio.es\/largo_de_cafe\/wp-json\/wp\/v2\/posts"}],"about":[{"href":"https:\/\/blogs.elcomercio.es\/largo_de_cafe\/wp-json\/wp\/v2\/types\/post"}],"author":[{"embeddable":true,"href":"https:\/\/blogs.elcomercio.es\/largo_de_cafe\/wp-json\/wp\/v2\/users\/2"}],"replies":[{"embeddable":true,"href":"https:\/\/blogs.elcomercio.es\/largo_de_cafe\/wp-json\/wp\/v2\/comments?post=11314"}],"version-history":[{"count":1,"href":"https:\/\/blogs.elcomercio.es\/largo_de_cafe\/wp-json\/wp\/v2\/posts\/11314\/revisions"}],"predecessor-version":[{"id":11315,"href":"https:\/\/blogs.elcomercio.es\/largo_de_cafe\/wp-json\/wp\/v2\/posts\/11314\/revisions\/11315"}],"wp:attachment":[{"href":"https:\/\/blogs.elcomercio.es\/largo_de_cafe\/wp-json\/wp\/v2\/media?parent=11314"}],"wp:term":[{"taxonomy":"category","embeddable":true,"href":"https:\/\/blogs.elcomercio.es\/largo_de_cafe\/wp-json\/wp\/v2\/categories?post=11314"},{"taxonomy":"post_tag","embeddable":true,"href":"https:\/\/blogs.elcomercio.es\/largo_de_cafe\/wp-json\/wp\/v2\/tags?post=11314"}],"curies":[{"name":"wp","href":"https:\/\/api.w.org\/{rel}","templated":true}]}}