{"id":11316,"date":"2025-11-26T23:52:38","date_gmt":"2025-11-26T22:52:38","guid":{"rendered":"https:\/\/blogs.elcomercio.es\/largo_de_cafe\/?p=11316"},"modified":"2025-11-26T23:52:39","modified_gmt":"2025-11-26T22:52:39","slug":"iu-frena-a-calvo","status":"publish","type":"post","link":"https:\/\/blogs.elcomercio.es\/largo_de_cafe\/2025\/11\/26\/iu-frena-a-calvo\/","title":{"rendered":"IU FRENA A CALVO"},"content":{"rendered":"\n<p>Reuni\u00f3n del Consejo de Gobierno con un asunto espinoso fuera del orden del d\u00eda: el modelo de explotaci\u00f3n de la planta de basura bruta de Cogersa. La principal instalaci\u00f3n del consorcio, la m\u00e1s cara (a estas alturas ya se ha invertido en ella m\u00e1s de 70 millones de euros) y la que m\u00e1s quebraderos de cabeza ha provocado, tanto por infortunios (el incendio de abril de 2024), como por los interrogantes que abre al dejar al final del proceso 150.000 toneladas de combustible s\u00f3lido recuperado cada a\u00f1o; nadie sabe qu\u00e9 hacer con ellas. Lo m\u00e1s sencillo ser\u00eda quemarlas, pero los distintos gobiernos asturianos rechazaron instalar una incineradora, as\u00ed que solo queda envi\u00e1rselas a alguien que est\u00e9 lejos y no exija un precio muy alto por hacerse cargo de un material tan irreductible como in\u00fatil.<\/p>\n\n\n\n<p>La planta ya est\u00e1 lista para empezar a funcionar, una vez superado el siniestro; el Consejero de Medio Ambiente y presidente de Cogersa, Alejandro Calvo, opta por el modelo de empresa privada para gestionar la planta de basura bruta. El plan del consejero pasaba por aprobar ayer en la comisi\u00f3n delegada el modelo de gesti\u00f3n y unos d\u00edas m\u00e1s tarde refrendarlo en la junta de accionistas (Principado y ayuntamientos). Como suele ocurrir en estos casos, Cogersa present\u00f3 a \u00faltima hora un informe interno con loas hacia la privatizaci\u00f3n.<\/p>\n\n\n\n<p>Todo iba sobre ruedas hasta que se enter\u00f3 IU y puso el grito en el cielo, como siempre que alguien le toca el trig\u00e9mino de la ideolog\u00eda. Advirtieron que para ellos era un tema de estado e impusieron una nueva hoja de ruta: dejar la cuesti\u00f3n sobre el modelo de gesti\u00f3n en manos del Gobierno, negociarlo entre los dos socios (PSOE-IU) y tomar una decisi\u00f3n.<\/p>\n\n\n\n<p>Tras el Consejo de Gobierno, Alejandro Calvo anunci\u00f3 que la discusi\u00f3n se trasladaba al Gobierno, se suspend\u00edan las reuniones decisorias en Cogersa, y la soluci\u00f3n definitiva la conoceremos todos en el primer semestre del pr\u00f3ximo a\u00f1o. Exactamente lo que exig\u00eda IU. Como en anteriores ocasiones, Calvo mostr\u00f3 su veta m\u00e1s ir\u00f3nica: \u00abse intenta agitar un cierto desencuentro, pero me temo que no hay tema\u00bb. Que pregunte a los dirigentes de IU si hab\u00eda o no un desencuentro o si la discrepancia no era para ellos un \u00abtemazo\u00bb. El consejero de Medio Ambiente recibi\u00f3 un rotundo ment\u00eds y siempre duele ser desautorizado en p\u00fablico.<\/p>\n\n\n\n<p>En el fondo de todo esto hay una evidente dejadez en el funcionamiento del consorcio. El Principado est\u00e1 a otras cosas y los ayuntamientos algo parecido. Unos y otros disfrutan de la siesta propia de todo monopolio.<\/p>\n<!-- AddThis Advanced Settings generic via filter on the_content --><!-- AddThis Share Buttons generic via filter on the_content -->","protected":false},"excerpt":{"rendered":"<p>Reuni\u00f3n del Consejo de Gobierno con un asunto espinoso fuera del orden del d\u00eda: el modelo de explotaci\u00f3n de la planta de basura bruta de Cogersa. La principal instalaci\u00f3n del consorcio, la m\u00e1s cara (a estas alturas ya se ha invertido en ella m\u00e1s de 70 millones de euros) y la que m\u00e1s quebraderos de [&hellip;]<!-- AddThis Advanced Settings generic via filter on get_the_excerpt --><!-- AddThis Share Buttons generic via filter on get_the_excerpt --><\/p>\n","protected":false},"author":2,"featured_media":0,"comment_status":"open","ping_status":"open","sticky":false,"template":"","format":"standard","meta":[],"categories":[1],"tags":[],"_links":{"self":[{"href":"https:\/\/blogs.elcomercio.es\/largo_de_cafe\/wp-json\/wp\/v2\/posts\/11316"}],"collection":[{"href":"https:\/\/blogs.elcomercio.es\/largo_de_cafe\/wp-json\/wp\/v2\/posts"}],"about":[{"href":"https:\/\/blogs.elcomercio.es\/largo_de_cafe\/wp-json\/wp\/v2\/types\/post"}],"author":[{"embeddable":true,"href":"https:\/\/blogs.elcomercio.es\/largo_de_cafe\/wp-json\/wp\/v2\/users\/2"}],"replies":[{"embeddable":true,"href":"https:\/\/blogs.elcomercio.es\/largo_de_cafe\/wp-json\/wp\/v2\/comments?post=11316"}],"version-history":[{"count":1,"href":"https:\/\/blogs.elcomercio.es\/largo_de_cafe\/wp-json\/wp\/v2\/posts\/11316\/revisions"}],"predecessor-version":[{"id":11317,"href":"https:\/\/blogs.elcomercio.es\/largo_de_cafe\/wp-json\/wp\/v2\/posts\/11316\/revisions\/11317"}],"wp:attachment":[{"href":"https:\/\/blogs.elcomercio.es\/largo_de_cafe\/wp-json\/wp\/v2\/media?parent=11316"}],"wp:term":[{"taxonomy":"category","embeddable":true,"href":"https:\/\/blogs.elcomercio.es\/largo_de_cafe\/wp-json\/wp\/v2\/categories?post=11316"},{"taxonomy":"post_tag","embeddable":true,"href":"https:\/\/blogs.elcomercio.es\/largo_de_cafe\/wp-json\/wp\/v2\/tags?post=11316"}],"curies":[{"name":"wp","href":"https:\/\/api.w.org\/{rel}","templated":true}]}}