{"id":11318,"date":"2025-11-26T23:54:18","date_gmt":"2025-11-26T22:54:18","guid":{"rendered":"https:\/\/blogs.elcomercio.es\/largo_de_cafe\/?p=11318"},"modified":"2025-11-26T23:54:18","modified_gmt":"2025-11-26T22:54:18","slug":"el-peaje-pasa-por-las-urnas","status":"publish","type":"post","link":"https:\/\/blogs.elcomercio.es\/largo_de_cafe\/2025\/11\/26\/el-peaje-pasa-por-las-urnas\/","title":{"rendered":"EL PEAJE PASA POR LAS URNAS"},"content":{"rendered":"\n<p>El Principado considera que la controversia en torno al peaje del Huerna est\u00e1 afectando a la \u00abestabilidad institucional\u00bb. Dicho con otras palabras: est\u00e1 afectando a las relaciones del Gobierno central con el Principado o, al menos, a la relaci\u00f3n de Asturias con el Ministerio de Transportes. Desde el pasado mes de octubre, cuando se convoc\u00f3 la manifestaci\u00f3n contra el peaje en Oviedo, con la participaci\u00f3n de todo el Gobierno regional, la situaci\u00f3n se tens\u00f3 entre ambas administraciones. Ya antes de la movilizaci\u00f3n, la c\u00fapula de Transportes, bajo formato an\u00f3nimo, critic\u00f3 con dureza la posici\u00f3n del Ejecutivo regional; las diferencias no llegaron a mayores porque nadie del Gobierno asturiano contest\u00f3 a Jos\u00e9 Antonio Santano, secretario de Estado de Transportes y Movilidad. Como no tienen argumentos de peso para defenderse, se refugiaron en el sectarismo y empezaron a decir que Calvo, con su discurso, reforzaba la posici\u00f3n del PP.<\/p>\n\n\n\n<p>Lo cierto es que, a d\u00eda de hoy, de las tres comunidades aut\u00f3nomas afectadas (Asturias, Castilla-Le\u00f3n, Galicia) por la pr\u00f3rroga de los peajes, AP-66 (Campomanes-Le\u00f3n) y AP-9 (Ferrol-Tui), s\u00f3lo Asturias ha recurrido a la denuncia pol\u00edtica y la movilizaci\u00f3n popular, mientras las otras dos conf\u00edan en el trabajo desde los despachos. El Principado ha pedido por v\u00eda de urgencia un dictamen al Consejo Consultivo (principal \u00f3rgano de asesoramiento jur\u00eddico en las comunidades aut\u00f3nomas) sobre la pr\u00f3rroga del peaje. Va a solicitar al Ministerio de Transportes que declare la nulidad del tributo y si el Gobierno no contesta en seis meses, recurrir\u00e1 al Tribunal Supremo.<\/p>\n\n\n\n<p>Dentro de veinte meses, como m\u00e1ximo, se celebrar\u00e1n las elecciones generales. Pueden ser antes, pero nunca m\u00e1s tarde. Es un hecho que hay que tener presente cuando se conjetura sobre el rescate del peaje. La ministra de Hacienda va a elevar el sueldo de los funcionarios, entre 2025 y 2028, en un 11% (seg\u00fan los sindicatos ser\u00e1 a\u00fan mayor la subida). El \u00edndice de precios al consumo se incrementar\u00e1, de media, un 2%. Es decir, los empleados p\u00fablicos no s\u00f3lo no perder\u00e1n poder adquisitivo, sino que lo ganar\u00e1n. \u00bfAlguien puede dudar de que Pedro S\u00e1nchez ya est\u00e1 en modo electoral? El peaje no es tan sensible como la n\u00f3mina de los funcionarios, pero tres comunidades aut\u00f3nomas agraviadas por peajes ilegales pueden hacer que un par de esca\u00f1os cambien de partido. Asturias, Le\u00f3n y Galicia suman 34 diputados. Tras llevar siete a\u00f1os gobernando en minor\u00eda, S\u00e1nchez no se jugar\u00e1 la poltrona por los peajes.<\/p>\n<!-- AddThis Advanced Settings generic via filter on the_content --><!-- AddThis Share Buttons generic via filter on the_content -->","protected":false},"excerpt":{"rendered":"<p>El Principado considera que la controversia en torno al peaje del Huerna est\u00e1 afectando a la \u00abestabilidad institucional\u00bb. Dicho con otras palabras: est\u00e1 afectando a las relaciones del Gobierno central con el Principado o, al menos, a la relaci\u00f3n de Asturias con el Ministerio de Transportes. Desde el pasado mes de octubre, cuando se convoc\u00f3 [&hellip;]<!-- AddThis Advanced Settings generic via filter on get_the_excerpt --><!-- AddThis Share Buttons generic via filter on get_the_excerpt --><\/p>\n","protected":false},"author":2,"featured_media":0,"comment_status":"open","ping_status":"open","sticky":false,"template":"","format":"standard","meta":[],"categories":[1],"tags":[],"_links":{"self":[{"href":"https:\/\/blogs.elcomercio.es\/largo_de_cafe\/wp-json\/wp\/v2\/posts\/11318"}],"collection":[{"href":"https:\/\/blogs.elcomercio.es\/largo_de_cafe\/wp-json\/wp\/v2\/posts"}],"about":[{"href":"https:\/\/blogs.elcomercio.es\/largo_de_cafe\/wp-json\/wp\/v2\/types\/post"}],"author":[{"embeddable":true,"href":"https:\/\/blogs.elcomercio.es\/largo_de_cafe\/wp-json\/wp\/v2\/users\/2"}],"replies":[{"embeddable":true,"href":"https:\/\/blogs.elcomercio.es\/largo_de_cafe\/wp-json\/wp\/v2\/comments?post=11318"}],"version-history":[{"count":1,"href":"https:\/\/blogs.elcomercio.es\/largo_de_cafe\/wp-json\/wp\/v2\/posts\/11318\/revisions"}],"predecessor-version":[{"id":11319,"href":"https:\/\/blogs.elcomercio.es\/largo_de_cafe\/wp-json\/wp\/v2\/posts\/11318\/revisions\/11319"}],"wp:attachment":[{"href":"https:\/\/blogs.elcomercio.es\/largo_de_cafe\/wp-json\/wp\/v2\/media?parent=11318"}],"wp:term":[{"taxonomy":"category","embeddable":true,"href":"https:\/\/blogs.elcomercio.es\/largo_de_cafe\/wp-json\/wp\/v2\/categories?post=11318"},{"taxonomy":"post_tag","embeddable":true,"href":"https:\/\/blogs.elcomercio.es\/largo_de_cafe\/wp-json\/wp\/v2\/tags?post=11318"}],"curies":[{"name":"wp","href":"https:\/\/api.w.org\/{rel}","templated":true}]}}