{"id":114,"date":"2007-10-23T00:06:55","date_gmt":"2007-10-23T00:06:55","guid":{"rendered":"http:\/\/blogs.elcomercio.es\/largo_de_cafe\/?p=114"},"modified":"2007-10-23T00:06:55","modified_gmt":"2007-10-23T00:06:55","slug":"el-miedo-al-acuerdo","status":"publish","type":"post","link":"https:\/\/blogs.elcomercio.es\/largo_de_cafe\/2007\/10\/23\/el-miedo-al-acuerdo\/","title":{"rendered":"EL MIEDO AL ACUERDO"},"content":{"rendered":"<p> La negociaci\u00f3n extraparlamentaria sobre los presupuestos del a\u00f1o 2008, entre el Gobierno e IU, lleva visos de acabar sin haber empezado. El Gobierno no quiere dar a conocer el detalle de los presupuestos hasta que IU se siente en la mesa a negociar y este partido dice que no negociar\u00e1 sin que le env\u00eden antes los datos. No es un problema de m\u00e9todo, sino de fe: el escepticismo aleja el acuerdo. Cuando no se quiere entrar a debatir un asunto se buscan disculpas, y esta controversia sobre la transmisi\u00f3n de datos tiene toda la apariencia de una disculpa. No ser\u00eda la primera. La pasada semana transcurri\u00f3 con el Gobierno e IU haciendo declaraciones sobre las ayudas que hab\u00eda que dar para paliar la subida de los tipos de inter\u00e9s, un debate que no existe en ninguna otra comunidad aut\u00f3noma, y en todas ellas la gente paga doble por los cr\u00e9ditos hipotecarios que hace dos a\u00f1os. El asunto es buscar pol\u00e9micas ficticias para decir que no se puede llegar a un acuerdo.<br \/>\n     La negociaci\u00f3n extraparlamentaria no tiene precedentes en el Principado, aunque en el Ayuntamiento de Gij\u00f3n, siendo Areces alcalde y Jes\u00fas Iglesias portavoz de IU, se produc\u00eda todos los a\u00f1os. Desde 1991 hasta 1999, los dos partidos votaron los mismos presupuestos que negociaban, en horario de tarde, en los d\u00edas anteriores a la celebraci\u00f3n del Pleno del Ayuntamiento de los presupuestos. En aquellos a\u00f1os, el alcalde tampoco anticipaba el proyecto de las cuentas municipales, limit\u00e1ndose IU a establecer unas reivindicaciones (metros de suelo industrial, aparcamiento para coches, actuaci\u00f3n medioambiental extraordinaria, etc\u00e9tera), y los socialistas entraban a negociarlas e incorporarlas a su proyecto. En el debate sobre el estado de la regi\u00f3n el presidente Areces tendi\u00f3 la mano para iniciar ese tipo de negociaci\u00f3n, e IU acept\u00f3 inicialmente, pero hay mucho recelo entre las partes para negociar.<br \/>\n     A primeros de noviembre entrar\u00e1 el proyecto en la Junta General del Principado, y all\u00ed se podr\u00e1 discutir con todos los n\u00fameros encima de la mesa. Eso no quiere decir que sea m\u00e1s f\u00e1cil el acuerdo. La pr\u00f3rroga presupuestaria es el escenario m\u00e1s probable, as\u00ed que no se entiende que el Gobierno hablara tanto de un proyecto de cuentas regionales que no va ser aprobado. <\/p>\n<!-- AddThis Advanced Settings generic via filter on the_content --><!-- AddThis Share Buttons generic via filter on the_content -->","protected":false},"excerpt":{"rendered":"<p>La negociaci\u00f3n extraparlamentaria sobre los presupuestos del a\u00f1o 2008, entre el Gobierno e IU, lleva visos de acabar sin haber empezado. El Gobierno no quiere dar a conocer el detalle de los presupuestos hasta que IU se siente en la mesa a negociar y este partido dice que no negociar\u00e1 sin que le env\u00eden antes [&hellip;]<!-- AddThis Advanced Settings generic via filter on get_the_excerpt --><!-- AddThis Share Buttons generic via filter on get_the_excerpt --><\/p>\n","protected":false},"author":2,"featured_media":0,"comment_status":"open","ping_status":"closed","sticky":false,"template":"","format":"standard","meta":[],"categories":[4],"tags":[],"_links":{"self":[{"href":"https:\/\/blogs.elcomercio.es\/largo_de_cafe\/wp-json\/wp\/v2\/posts\/114"}],"collection":[{"href":"https:\/\/blogs.elcomercio.es\/largo_de_cafe\/wp-json\/wp\/v2\/posts"}],"about":[{"href":"https:\/\/blogs.elcomercio.es\/largo_de_cafe\/wp-json\/wp\/v2\/types\/post"}],"author":[{"embeddable":true,"href":"https:\/\/blogs.elcomercio.es\/largo_de_cafe\/wp-json\/wp\/v2\/users\/2"}],"replies":[{"embeddable":true,"href":"https:\/\/blogs.elcomercio.es\/largo_de_cafe\/wp-json\/wp\/v2\/comments?post=114"}],"version-history":[{"count":0,"href":"https:\/\/blogs.elcomercio.es\/largo_de_cafe\/wp-json\/wp\/v2\/posts\/114\/revisions"}],"wp:attachment":[{"href":"https:\/\/blogs.elcomercio.es\/largo_de_cafe\/wp-json\/wp\/v2\/media?parent=114"}],"wp:term":[{"taxonomy":"category","embeddable":true,"href":"https:\/\/blogs.elcomercio.es\/largo_de_cafe\/wp-json\/wp\/v2\/categories?post=114"},{"taxonomy":"post_tag","embeddable":true,"href":"https:\/\/blogs.elcomercio.es\/largo_de_cafe\/wp-json\/wp\/v2\/tags?post=114"}],"curies":[{"name":"wp","href":"https:\/\/api.w.org\/{rel}","templated":true}]}}