{"id":11433,"date":"2026-01-18T22:52:41","date_gmt":"2026-01-18T21:52:41","guid":{"rendered":"https:\/\/blogs.elcomercio.es\/largo_de_cafe\/?p=11433"},"modified":"2026-01-18T22:52:41","modified_gmt":"2026-01-18T21:52:41","slug":"la-mano-inocente-de-montero","status":"publish","type":"post","link":"https:\/\/blogs.elcomercio.es\/largo_de_cafe\/2026\/01\/18\/la-mano-inocente-de-montero\/","title":{"rendered":"LA MANO INOCENTE DE MONTERO"},"content":{"rendered":"\n<p>La reuni\u00f3n del Consejo de Pol\u00edtica Fiscal y Financiera (CPFF) no sirvi\u00f3 para conocer mejor el nuevo modelo de financiaci\u00f3n auton\u00f3mica, que ha negociado el Gobierno de Pedro S\u00e1nchez con Esquerra Republicana de Catalu\u00f1a (ERC). Mar\u00eda Jes\u00fas Montero, vicepresidenta del Gobierno y ministra de Hacienda, no dio a conocer el c\u00e1lculo sobre la recaudaci\u00f3n de los nuevos impuestos que se incorporan a la cesta de la financiaci\u00f3n auton\u00f3mica (patrimonio, dep\u00f3sitos bancarios, etc\u00e9tera). Tampoco comunic\u00f3 datos b\u00e1sicos del modelo, como el c\u00e1lculo por habitante ajustado, ni siquiera quiso la ministra ordenar las comunidades aut\u00f3nomas por su capacidad de gasto por habitante una vez hechas todas las operaciones de nivelaci\u00f3n contenidas en el nuevo sistema.<\/p>\n\n\n\n<p><strong>Brochazos<\/strong><br>A Mar\u00eda Jes\u00fas Montero le gusta la brocha gorda: en su primera legislatura de ministra, en una discusi\u00f3n con la oposici\u00f3n, lleg\u00f3 a aseverar que no dejaba Bruselas modificar el IVA al Gobierno de Espa\u00f1a. Cuando present\u00f3 el nuevo modelo de financiaci\u00f3n al p\u00fablico, dijo que \u00abtend\u00eda hacia la ordinalidad\u00bb y, al defenderlo ante los consejeros de Hacienda de las distintas comunidades aut\u00f3nomas, declar\u00f3 que \u00abes falso que tenga ordinalidad\u00bb.<\/p>\n\n\n\n<p>Comparte con Delcy Rodr\u00edguez el amor por el rigor. La venezolana levant\u00f3 la mano para jurar, \u00abcomo vicepresidenta ejecutiva de Venezuela\u00bb; tras la perorata de su hermano en la ceremonia, acab\u00f3 jurando \u00abcomo presidenta\u00bb y, ayer mismo, tom\u00f3 la palabra como \u00abpresidenta encargada\u00bb. Les da igual ocho que ochenta.<\/p>\n\n\n\n<p>En el CPFF se evidenci\u00f3 que el modelo de Montero solo satisface a Catalu\u00f1a. Las otras catorce comunidades aut\u00f3nomas se posicionaron en contra. Al presentar el modelo de financiaci\u00f3n, nunca un gobierno estuvo tan aislado. Nadie se cree los c\u00e1lculos de Montero y todos piensan que est\u00e1n hechos para beneficiar a los catalanes. El trasvase de recursos hacia esa regi\u00f3n tiene como \u00fanico fin asegurar a Pedro S\u00e1nchez la permanencia en la Moncloa. En la balanza del poder pesa m\u00e1s la conveniencia del presidente que los intereses de la naci\u00f3n.<\/p>\n\n\n\n<p>Gimena Llamedo, vicepresidenta del Principado, no tuvo una papeleta f\u00e1cil al representar los intereses de Asturias en un \u00f3rgano que ocupan los pol\u00edticos que trabajan con impuestos y finanzas territoriales. Le tocaba oficiar a Guillermo Pel\u00e1ez, consejero de Hacienda e inspector de Hacienda, pero seguro que ten\u00edan otras obligaciones m\u00e1s perentorias que atender. Llamedo critic\u00f3 las formas del modelo, \u00abprecocinado\u00bb entre S\u00e1nchez y Junqueras, y tambi\u00e9n resalt\u00f3 el papel pasivo reservado al Principado, y al resto de gobiernos auton\u00f3micos, propio de un contrato de adhesi\u00f3n.<\/p>\n\n\n\n<p><strong>Principado<\/strong><br>Sigue quedando en el aire la duda sobre lo que va a hacer el Principado. Puede jugar al posibilismo, presionando al Gobierno para que Asturias reciba m\u00e1s financiaci\u00f3n por habitante, mejorando la valoraci\u00f3n de algunas caracter\u00edsticas de nuestra poblaci\u00f3n, teniendo una participaci\u00f3n m\u00e1s destacada en el fondo clim\u00e1tico (2\/3 son para las regiones mediterr\u00e1neas), etc. La alternativa es impugnar el modelo, cerrar las puertas a la ordinalidad y al sesgo del nuevo sistema de financiaci\u00f3n, creando fondos artificiales para beneficiar a Catalu\u00f1a. \u00bfQu\u00e9 pintan las pymes y el cambio clim\u00e1tico a la hora de financiar los servicios p\u00fablicos?<\/p>\n\n\n\n<p>En los pr\u00f3ximos d\u00edas habr\u00e1 un pleno extraordinario en la Junta General del Principado, solicitado por el PP y apoyado por Foro, que debe servir para clarificar la postura del Gobierno asturiano ante la oferta de Montero. \u00bfLa ordinalidad sigue siendo una l\u00ednea roja? \u00bfSe acepta el sesgo catalanista en el modelo de financiaci\u00f3n? \u00bfSe mantiene en pie todo lo firmado en la Declaraci\u00f3n de Santiago?<\/p>\n\n\n\n<p>Hay una serie de falacias en el proyecto de Montero, y los comentarios que lo acompa\u00f1aron, que alg\u00fan l\u00edder asturiano deber\u00eda rechazar en el pleno extraordinario del Parlamento asturiano. El nuevo sistema de financiaci\u00f3n \u00abes bueno para todos\u00bb. Montero lo afirma porque todas las regiones ganan recursos. \u00bfPero a cambio de qu\u00e9? De arruinar al Estado, permanente salvavidas de las regiones pobres. \u00bfQui\u00e9n pone los 21.000 millones de m\u00e1s que tanto necesitaban valencianos, murcianos, manchegos y andaluces, y, en menor medida, el resto de regiones? \u00bfLo ponen las comunidades ricas? No. Esa fortuna sale de las arcas del Estado que tiene un d\u00e9ficit superior al 3%, que debe a corto y medio plazo de pagar dos facturas elevadas, la cuota que le toca en el rearme europeo y el gasto superlativo en las prestaciones sociales de la tercera edad.<\/p>\n\n\n\n<p><strong>Desequilibrios<\/strong><br>Indigna que en una cuesti\u00f3n de n\u00fameros \u2013ant\u00eddoto para la demagogia\u2013, como es el modelo de financiaci\u00f3n, se permitan vender como bondades lo que son mayores desequilibrios. Con el modelo actual, Catalu\u00f1a aporta 2.266 millones a la caja com\u00fan y con la reforma de Montero dar\u00e1 810 (el 35,7%). Madrid, con algo menos de poblaci\u00f3n y parecida riqueza, aporta 7.975 millones y con la reforma contribuir\u00e1 con 8.013. Con el nuevo sistema, Madrid pone diez veces m\u00e1s que Catalu\u00f1a.<\/p>\n\n\n\n<p>Asturias recibe 802 millones de la caja com\u00fan y con el nuevo sistema pasar\u00e1 a recibir solo 682 millones. Consecuencia directa del cambio de rol de Catalu\u00f1a.<\/p>\n\n\n\n<p>En financiaci\u00f3n por habitante, Asturias baja seis puntos y Catalu\u00f1a sube 4,4. Pasando los puntos a euros, significa que Catalu\u00f1a tendr\u00e1 507 euros m\u00e1s por habitante y nosotros menos de la cuarta parte que ellos. La mano inocente de Montero.<\/p>\n<!-- AddThis Advanced Settings generic via filter on the_content --><!-- AddThis Share Buttons generic via filter on the_content -->","protected":false},"excerpt":{"rendered":"<p>La reuni\u00f3n del Consejo de Pol\u00edtica Fiscal y Financiera (CPFF) no sirvi\u00f3 para conocer mejor el nuevo modelo de financiaci\u00f3n auton\u00f3mica, que ha negociado el Gobierno de Pedro S\u00e1nchez con Esquerra Republicana de Catalu\u00f1a (ERC). Mar\u00eda Jes\u00fas Montero, vicepresidenta del Gobierno y ministra de Hacienda, no dio a conocer el c\u00e1lculo sobre la recaudaci\u00f3n de [&hellip;]<!-- AddThis Advanced Settings generic via filter on get_the_excerpt --><!-- AddThis Share Buttons generic via filter on get_the_excerpt --><\/p>\n","protected":false},"author":2,"featured_media":0,"comment_status":"open","ping_status":"open","sticky":false,"template":"","format":"standard","meta":[],"categories":[1],"tags":[],"_links":{"self":[{"href":"https:\/\/blogs.elcomercio.es\/largo_de_cafe\/wp-json\/wp\/v2\/posts\/11433"}],"collection":[{"href":"https:\/\/blogs.elcomercio.es\/largo_de_cafe\/wp-json\/wp\/v2\/posts"}],"about":[{"href":"https:\/\/blogs.elcomercio.es\/largo_de_cafe\/wp-json\/wp\/v2\/types\/post"}],"author":[{"embeddable":true,"href":"https:\/\/blogs.elcomercio.es\/largo_de_cafe\/wp-json\/wp\/v2\/users\/2"}],"replies":[{"embeddable":true,"href":"https:\/\/blogs.elcomercio.es\/largo_de_cafe\/wp-json\/wp\/v2\/comments?post=11433"}],"version-history":[{"count":1,"href":"https:\/\/blogs.elcomercio.es\/largo_de_cafe\/wp-json\/wp\/v2\/posts\/11433\/revisions"}],"predecessor-version":[{"id":11434,"href":"https:\/\/blogs.elcomercio.es\/largo_de_cafe\/wp-json\/wp\/v2\/posts\/11433\/revisions\/11434"}],"wp:attachment":[{"href":"https:\/\/blogs.elcomercio.es\/largo_de_cafe\/wp-json\/wp\/v2\/media?parent=11433"}],"wp:term":[{"taxonomy":"category","embeddable":true,"href":"https:\/\/blogs.elcomercio.es\/largo_de_cafe\/wp-json\/wp\/v2\/categories?post=11433"},{"taxonomy":"post_tag","embeddable":true,"href":"https:\/\/blogs.elcomercio.es\/largo_de_cafe\/wp-json\/wp\/v2\/tags?post=11433"}],"curies":[{"name":"wp","href":"https:\/\/api.w.org\/{rel}","templated":true}]}}