{"id":11435,"date":"2026-01-20T20:41:21","date_gmt":"2026-01-20T19:41:21","guid":{"rendered":"https:\/\/blogs.elcomercio.es\/largo_de_cafe\/?p=11435"},"modified":"2026-01-20T20:41:22","modified_gmt":"2026-01-20T19:41:22","slug":"areces-y-torre","status":"publish","type":"post","link":"https:\/\/blogs.elcomercio.es\/largo_de_cafe\/2026\/01\/20\/areces-y-torre\/","title":{"rendered":"ARECES Y TORRE"},"content":{"rendered":"\n<p>El viernes se colg\u00f3 un retrato de Vicente \u00c1lvarez Areces en la Presidencia del Principado, junto a los cuadros del resto de presidentes. Adri\u00e1n Barb\u00f3n\u00a0aprovech\u00f3 la ocasi\u00f3n para convertirlo en una peque\u00f1a ceremonia, con la presencia de la familia de Tini: su viuda, Soledad Saavedra, hijos y hermanos, as\u00ed como los tres ex presidentes socialistas vivos y varios consejeros de Areces. Barb\u00f3n tiene una especial sensibilidad con los protagonistas de la historia de Asturias. Un acto sobrio, remembranza de un pol\u00edtico que dej\u00f3 su huella como ning\u00fan otro.<\/p>\n\n\n\n<p>Un retrato soberbio, que capta la gestualidad de Tini, con el rostro entre la seriedad y la media sonrisa, que compon\u00eda cuando escuchaba. Volvi\u00f3 a Gij\u00f3n, en 1987, con un Renault de segunda mano y en doce a\u00f1os transform\u00f3 la ciudad: calles, parques, paseos, barrios, equipamientos deportivos, campus universitario, Parque Cient\u00edfico Tecnol\u00f3gico, rehabilitaci\u00f3n de teatros, elogios del horizonte, Semana Negra, etc. Cuando alg\u00fan imberbe me pregunta por lo que hizo, en vez de recitar la lista, le digo: tres barrios (El Llano, Moreda, Montevil) y dos playas. Hasta entonces, nada; desde entonces, tampoco. De Asturias, adem\u00e1s de dos autov\u00edas, Niemeyer, Jur\u00e1sico, Laboral, etc., prefiero fijarme en el HUCA. Ning\u00fan otro presidente lo hubiera construido, con el Gobierno central en contra y las reticencias de su partido. Tuvimos presidentes de comportamientos correctos, pero construir infraestructuras o levantar m\u00faltiples equipamientos, solo uno.<\/p>\n\n\n\n<p>Graciano Torre se incorpor\u00f3 al Gobierno de Areces en 2001. Asturias estrenaba bicefalia, al salir derrotados los renovadores del Congreso de la FSA. Areces pens\u00f3 en Torre, pata negra del socialismo de las cuencas, para cicatrizar la herida. Torre ten\u00eda rasgos diferenciales. Era un hombre fuerte para tomar decisiones, o soportar presiones; ten\u00eda la experiencia de diez a\u00f1os de alcalde y hab\u00eda convertido la Federaci\u00f3n Asturiana de Concejos en un centro de poder. En una comarca muy ideol\u00f3gica, estaba abierto a las empresas. Sobra decir que ten\u00eda un gran olfato pol\u00edtico, lo que ahora escasea. Areces siempre valoraba su criterio.<\/p>\n\n\n\n<p>Despu\u00e9s de perder las elecciones, Cascos y antes de ser investido Fern\u00e1ndez, qued\u00e9 con \u00e9l un d\u00eda en Sotrondio. Hab\u00eda vuelto a la ense\u00f1anza y sin el peso de los cargos hizo un recorrido l\u00facido sobre la regi\u00f3n, sus gentes y problemas, interrumpido por los saludos del vecindario. La casualidad ha querido que compartiera con Areces la fecha final: 17 de enero.<\/p>\n<!-- AddThis Advanced Settings generic via filter on the_content --><!-- AddThis Share Buttons generic via filter on the_content -->","protected":false},"excerpt":{"rendered":"<p>El viernes se colg\u00f3 un retrato de Vicente \u00c1lvarez Areces en la Presidencia del Principado, junto a los cuadros del resto de presidentes. Adri\u00e1n Barb\u00f3n\u00a0aprovech\u00f3 la ocasi\u00f3n para convertirlo en una peque\u00f1a ceremonia, con la presencia de la familia de Tini: su viuda, Soledad Saavedra, hijos y hermanos, as\u00ed como los tres ex presidentes socialistas [&hellip;]<!-- AddThis Advanced Settings generic via filter on get_the_excerpt --><!-- AddThis Share Buttons generic via filter on get_the_excerpt --><\/p>\n","protected":false},"author":2,"featured_media":0,"comment_status":"open","ping_status":"open","sticky":false,"template":"","format":"standard","meta":[],"categories":[1],"tags":[],"_links":{"self":[{"href":"https:\/\/blogs.elcomercio.es\/largo_de_cafe\/wp-json\/wp\/v2\/posts\/11435"}],"collection":[{"href":"https:\/\/blogs.elcomercio.es\/largo_de_cafe\/wp-json\/wp\/v2\/posts"}],"about":[{"href":"https:\/\/blogs.elcomercio.es\/largo_de_cafe\/wp-json\/wp\/v2\/types\/post"}],"author":[{"embeddable":true,"href":"https:\/\/blogs.elcomercio.es\/largo_de_cafe\/wp-json\/wp\/v2\/users\/2"}],"replies":[{"embeddable":true,"href":"https:\/\/blogs.elcomercio.es\/largo_de_cafe\/wp-json\/wp\/v2\/comments?post=11435"}],"version-history":[{"count":1,"href":"https:\/\/blogs.elcomercio.es\/largo_de_cafe\/wp-json\/wp\/v2\/posts\/11435\/revisions"}],"predecessor-version":[{"id":11436,"href":"https:\/\/blogs.elcomercio.es\/largo_de_cafe\/wp-json\/wp\/v2\/posts\/11435\/revisions\/11436"}],"wp:attachment":[{"href":"https:\/\/blogs.elcomercio.es\/largo_de_cafe\/wp-json\/wp\/v2\/media?parent=11435"}],"wp:term":[{"taxonomy":"category","embeddable":true,"href":"https:\/\/blogs.elcomercio.es\/largo_de_cafe\/wp-json\/wp\/v2\/categories?post=11435"},{"taxonomy":"post_tag","embeddable":true,"href":"https:\/\/blogs.elcomercio.es\/largo_de_cafe\/wp-json\/wp\/v2\/tags?post=11435"}],"curies":[{"name":"wp","href":"https:\/\/api.w.org\/{rel}","templated":true}]}}