{"id":11437,"date":"2026-01-20T20:43:38","date_gmt":"2026-01-20T19:43:38","guid":{"rendered":"https:\/\/blogs.elcomercio.es\/largo_de_cafe\/?p=11437"},"modified":"2026-01-20T20:43:38","modified_gmt":"2026-01-20T19:43:38","slug":"las-cartas-sobre-la-mesa","status":"publish","type":"post","link":"https:\/\/blogs.elcomercio.es\/largo_de_cafe\/2026\/01\/20\/las-cartas-sobre-la-mesa\/","title":{"rendered":"LAS CARTAS SOBRE LA MESA"},"content":{"rendered":"\n<p>Esta semana las direcciones de los partidos se re\u00fanen para analizar el modelo de financiaci\u00f3n auton\u00f3mica planteado por la ministra de Hacienda, Mar\u00eda Jes\u00fas Montero. En Asturias la convocatoria de un pleno extraordinario de la Junta General del Principado hace m\u00e1s pertinente el debate previo en los \u00f3rganos de direcci\u00f3n. La financiaci\u00f3n auton\u00f3mica no es un asunto que se pueda resolver con el binomio, izquierda-derecha. En el Consejo de Pol\u00edtica Fiscal y Financiera, de tres gobiernos auton\u00f3micos socialistas, dos rechazaron el modelo presentado por la ministra, Asturias y Castilla-La Mancha, y el tercero vot\u00f3 a favor, Catalu\u00f1a.<\/p>\n\n\n\n<p>El posicionamiento m\u00e1s f\u00e1cil lo tiene Vox. Toda propuesta de un gobierno socialista, con independencia de su contenido, se encontrar\u00e1 con el rechazo de la derecha dura. Me apresuro a decir que el mismo comportamiento tienen todos los grupos de izquierda ante cualquier iniciativa del partido de Abascal. Vox no va a cambiar de estrategia, al ser el partido que m\u00e1s sube en las encuestas. El PP tambi\u00e9n votar\u00e1 no. La negativa a conceder privilegios a Catalu\u00f1a llevar\u00e1 a los populares a pedir al Gobierno el abandono del proyecto. No obstante, habr\u00e1 tensiones entre el aparato de G\u00e9nova y algunas comunidades, como Valencia, que est\u00e1 infrafinanciada y con el modelo de Montero mejora sustancialmente. En Asturias no cabe hacer esa consideraci\u00f3n: retrocedemos en comparaci\u00f3n al resto. El diputado de Foro se manifestar\u00e1 en la misma l\u00ednea. La reducida cuota electoral de Foro se mueve en las mismas coordenadas que la del PP, as\u00ed que no conviene contrariarla con un voto dif\u00edcil de explicar. La derecha tiene claro el rechazo.<\/p>\n\n\n\n<p>IU es partido de gobierno en Asturias, as\u00ed que deber\u00eda consensuar con los socialistas el sentido del voto. Hasta ahora no han intentado nada semejante. Si presumen de defender la regi\u00f3n, deber\u00edan votar en contra de la propuesta de Montero. Llamedo, vicepresidenta del Gobierno asturiano, rechaz\u00f3 el modelo de financiaci\u00f3n y, a la vez, mostr\u00f3 esperanzas ante el proceso de negociaci\u00f3n. \u00bfD\u00f3nde est\u00e1n exactamente las l\u00edneas rojas del PSOE? \u00bfQu\u00e9 principios no son negociables para el Principado? \u00bfEst\u00e1n dispuestos a aprobar el modelo si nos aumentan la capacidad de gasto por habitante o exigir\u00e1n la anulaci\u00f3n de la ordinalidad?<\/p>\n\n\n\n<p>Tom\u00e9 dedic\u00f3 unas breves palabras a la financiaci\u00f3n territorial. No voy a valorar algo tan escueto. Espero que entienda que el bienestar de Asturias no depende solo de lo que nos dan, sino de lo que se llevan otros.<\/p>\n<!-- AddThis Advanced Settings generic via filter on the_content --><!-- AddThis Share Buttons generic via filter on the_content -->","protected":false},"excerpt":{"rendered":"<p>Esta semana las direcciones de los partidos se re\u00fanen para analizar el modelo de financiaci\u00f3n auton\u00f3mica planteado por la ministra de Hacienda, Mar\u00eda Jes\u00fas Montero. En Asturias la convocatoria de un pleno extraordinario de la Junta General del Principado hace m\u00e1s pertinente el debate previo en los \u00f3rganos de direcci\u00f3n. La financiaci\u00f3n auton\u00f3mica no es [&hellip;]<!-- AddThis Advanced Settings generic via filter on get_the_excerpt --><!-- AddThis Share Buttons generic via filter on get_the_excerpt --><\/p>\n","protected":false},"author":2,"featured_media":0,"comment_status":"open","ping_status":"open","sticky":false,"template":"","format":"standard","meta":[],"categories":[1],"tags":[],"_links":{"self":[{"href":"https:\/\/blogs.elcomercio.es\/largo_de_cafe\/wp-json\/wp\/v2\/posts\/11437"}],"collection":[{"href":"https:\/\/blogs.elcomercio.es\/largo_de_cafe\/wp-json\/wp\/v2\/posts"}],"about":[{"href":"https:\/\/blogs.elcomercio.es\/largo_de_cafe\/wp-json\/wp\/v2\/types\/post"}],"author":[{"embeddable":true,"href":"https:\/\/blogs.elcomercio.es\/largo_de_cafe\/wp-json\/wp\/v2\/users\/2"}],"replies":[{"embeddable":true,"href":"https:\/\/blogs.elcomercio.es\/largo_de_cafe\/wp-json\/wp\/v2\/comments?post=11437"}],"version-history":[{"count":1,"href":"https:\/\/blogs.elcomercio.es\/largo_de_cafe\/wp-json\/wp\/v2\/posts\/11437\/revisions"}],"predecessor-version":[{"id":11438,"href":"https:\/\/blogs.elcomercio.es\/largo_de_cafe\/wp-json\/wp\/v2\/posts\/11437\/revisions\/11438"}],"wp:attachment":[{"href":"https:\/\/blogs.elcomercio.es\/largo_de_cafe\/wp-json\/wp\/v2\/media?parent=11437"}],"wp:term":[{"taxonomy":"category","embeddable":true,"href":"https:\/\/blogs.elcomercio.es\/largo_de_cafe\/wp-json\/wp\/v2\/categories?post=11437"},{"taxonomy":"post_tag","embeddable":true,"href":"https:\/\/blogs.elcomercio.es\/largo_de_cafe\/wp-json\/wp\/v2\/tags?post=11437"}],"curies":[{"name":"wp","href":"https:\/\/api.w.org\/{rel}","templated":true}]}}