{"id":11439,"date":"2026-01-22T00:20:16","date_gmt":"2026-01-21T23:20:16","guid":{"rendered":"https:\/\/blogs.elcomercio.es\/largo_de_cafe\/?p=11439"},"modified":"2026-01-22T00:20:17","modified_gmt":"2026-01-21T23:20:17","slug":"metodo-y-argumentos","status":"publish","type":"post","link":"https:\/\/blogs.elcomercio.es\/largo_de_cafe\/2026\/01\/22\/metodo-y-argumentos\/","title":{"rendered":"M\u00c9TODO Y ARGUMENTOS"},"content":{"rendered":"\n<p>Tras la reuni\u00f3n del Consejo de Gobierno, el consejero de Hacienda y portavoz del Ejecutivo, Guillermo Pel\u00e1ez, ha manifestado el \u00abno rotundo\u00bb del Principado a la reforma del sistema de financiaci\u00f3n auton\u00f3mica, presentado por la ministra, Mar\u00eda Jes\u00fas Montero. La raz\u00f3n principal del rechazo estriba en que \u00abno incluye garant\u00edas de sostenibilidad para la prestaci\u00f3n de servicios p\u00fablicos en Asturias\u00bb. Tambi\u00e9n lo expres\u00f3 de una forma m\u00e1s sencilla al asegurar que con la propuesta de Montero \u00abAsturias pierde\u00bb. Pel\u00e1ez concret\u00f3 en qu\u00e9 consist\u00eda la p\u00e9rdida: el descenso de la valoraci\u00f3n del envejecimiento de la poblaci\u00f3n en el modelo de financiaci\u00f3n con respecto al actual. Estamos por encima de la media en poblaci\u00f3n ajustada (poblaci\u00f3n ponderada por variables como el envejecimiento o la dispersi\u00f3n), 108%, y con el modelo de Montero bajamos al 95%. Quedamos sensiblemente por debajo de la media de las regiones. En ello se basa el consejero para afirmar que no hay garant\u00edas de sostenibilidad. Hasta aqu\u00ed, de acuerdo en todo.<\/p>\n\n\n\n<p>Pel\u00e1ez dice que el Principado acepta la ventana de oportunidad que le ofrece el Gobierno para mejorar la posici\u00f3n de Asturias con la negociaci\u00f3n bilateral. No es de recibo que critiquemos con dureza la negociaci\u00f3n bilateral entre el Gobierno de S\u00e1nchez y la Generalitat catalana, y cuando la ministra ofrece un trato bilateral al Principado nos pongamos a aplaudir. Pel\u00e1ez incurre en contradicci\u00f3n insuperable cuando se\u00f1ala la Declaraci\u00f3n de Santiago (acuerdo de ocho comunidades aut\u00f3nomas sobre financiaci\u00f3n) como referencia para negociar y en ese documento consta el rechazo a los acuerdos bilaterales.<\/p>\n\n\n\n<p>El consejero afirma que no busca en la negociaci\u00f3n un fondo extra para el Principado, o la transferencia de una determinada cantidad de recursos, porque lo que pretende es incluir los intereses de Asturias en el modelo. Planteada as\u00ed la cuesti\u00f3n, el Principado firmar\u00eda la propuesta de Montero si se ponderan al alza algunos factores como el envejecimiento, la dispersi\u00f3n de la poblaci\u00f3n o la orograf\u00eda.<\/p>\n\n\n\n<p>Me parece una visi\u00f3n de muy corto alcance. Catalu\u00f1a tiene un trato privilegiado (por cierto, Pel\u00e1ez cita entre las comunidades m\u00e1s beneficiadas a Andaluc\u00eda, Valencia, Murcia y Baleares, olvid\u00e1ndose de Catalu\u00f1a) por la forma de negociar y los millones de m\u00e1s que le transfiere el Estado. El Principado no puede avalar la desigualdad. El consejero est\u00e1 mentalizado para repetir la operaci\u00f3n de la quita de la deuda, pero esto es distinto y m\u00e1s grave.<\/p>\n\n\n\n<p><\/p>\n<!-- AddThis Advanced Settings generic via filter on the_content --><!-- AddThis Share Buttons generic via filter on the_content -->","protected":false},"excerpt":{"rendered":"<p>Tras la reuni\u00f3n del Consejo de Gobierno, el consejero de Hacienda y portavoz del Ejecutivo, Guillermo Pel\u00e1ez, ha manifestado el \u00abno rotundo\u00bb del Principado a la reforma del sistema de financiaci\u00f3n auton\u00f3mica, presentado por la ministra, Mar\u00eda Jes\u00fas Montero. La raz\u00f3n principal del rechazo estriba en que \u00abno incluye garant\u00edas de sostenibilidad para la prestaci\u00f3n [&hellip;]<!-- AddThis Advanced Settings generic via filter on get_the_excerpt --><!-- AddThis Share Buttons generic via filter on get_the_excerpt --><\/p>\n","protected":false},"author":2,"featured_media":0,"comment_status":"open","ping_status":"open","sticky":false,"template":"","format":"standard","meta":[],"categories":[1],"tags":[],"_links":{"self":[{"href":"https:\/\/blogs.elcomercio.es\/largo_de_cafe\/wp-json\/wp\/v2\/posts\/11439"}],"collection":[{"href":"https:\/\/blogs.elcomercio.es\/largo_de_cafe\/wp-json\/wp\/v2\/posts"}],"about":[{"href":"https:\/\/blogs.elcomercio.es\/largo_de_cafe\/wp-json\/wp\/v2\/types\/post"}],"author":[{"embeddable":true,"href":"https:\/\/blogs.elcomercio.es\/largo_de_cafe\/wp-json\/wp\/v2\/users\/2"}],"replies":[{"embeddable":true,"href":"https:\/\/blogs.elcomercio.es\/largo_de_cafe\/wp-json\/wp\/v2\/comments?post=11439"}],"version-history":[{"count":1,"href":"https:\/\/blogs.elcomercio.es\/largo_de_cafe\/wp-json\/wp\/v2\/posts\/11439\/revisions"}],"predecessor-version":[{"id":11440,"href":"https:\/\/blogs.elcomercio.es\/largo_de_cafe\/wp-json\/wp\/v2\/posts\/11439\/revisions\/11440"}],"wp:attachment":[{"href":"https:\/\/blogs.elcomercio.es\/largo_de_cafe\/wp-json\/wp\/v2\/media?parent=11439"}],"wp:term":[{"taxonomy":"category","embeddable":true,"href":"https:\/\/blogs.elcomercio.es\/largo_de_cafe\/wp-json\/wp\/v2\/categories?post=11439"},{"taxonomy":"post_tag","embeddable":true,"href":"https:\/\/blogs.elcomercio.es\/largo_de_cafe\/wp-json\/wp\/v2\/tags?post=11439"}],"curies":[{"name":"wp","href":"https:\/\/api.w.org\/{rel}","templated":true}]}}