{"id":11441,"date":"2026-01-22T23:23:08","date_gmt":"2026-01-22T22:23:08","guid":{"rendered":"https:\/\/blogs.elcomercio.es\/largo_de_cafe\/?p=11441"},"modified":"2026-01-22T23:23:08","modified_gmt":"2026-01-22T22:23:08","slug":"el-silencio-de-barbon","status":"publish","type":"post","link":"https:\/\/blogs.elcomercio.es\/largo_de_cafe\/2026\/01\/22\/el-silencio-de-barbon\/","title":{"rendered":"EL SILENCIO DE BARB\u00d3N"},"content":{"rendered":"\n<p>El pleno extraordinario de la Junta General del Principado, destinado para debatir sobre el nuevo modelo de financiaci\u00f3n auton\u00f3mica, pierde inter\u00e9s al renunciar el presidente, Adri\u00e1n Barb\u00f3n, a intervenir en \u00e9l. La valoraci\u00f3n y las explicaciones del presidente no pueden hurtarse al plenario de la Junta. Se compadece mal con el respeto parlamentario y la transparencia, negarse a intervenir ante los diputados en el asunto m\u00e1s importante para las instituciones auton\u00f3micas, encargadas de gestionar los servicios p\u00fablicos, raz\u00f3n de ser del modelo de financiaci\u00f3n auton\u00f3mica.<\/p>\n\n\n\n<p>No se puede hacer gala de parlamentarismo, quedando sentado y en silencio, cuando se polemiza sobre la forma y el fondo de los recursos que debe exigir el Gobierno regional al Estado. El pleno extraordinario, solicitado por el PP y Foro, no debe verse como una baza de la oposici\u00f3n para hurgar en las debilidades del Gobierno, sino como una ocasi\u00f3n \u00fanica para intentar forjar una gran alianza en defensa de los intereses de Asturias. En 2021 se supo alcanzar el consenso en la C\u00e1mara auton\u00f3mica en torno a un sistema de financiaci\u00f3n que proteg\u00eda a los ciudadanos. Ahora, que toca enfrentarse con un modelo muy lesivo para la regi\u00f3n, se renuncia al amplio acuerdo entre grupos parlamentarios. Eso es lo que hay que sobreentender de la decisi\u00f3n del presidente de inhibirse en el debate.<\/p>\n\n\n\n<p>Desde que Montero present\u00f3 su propuesta de reparto de recursos, Barb\u00f3n guard\u00f3 silencio. S\u00f3lo en un acto convocado en Presidencia del Gobierno para colgar el retrato del expresidente \u00c1lvarez Areces, pronunci\u00f3 unas palabras: \u00abEs una negociaci\u00f3n dura, posiblemente la m\u00e1s dif\u00edcil que hayamos afrontado; se basa en una premisa: lealtad con Asturias siempre\u00bb. Eso es todo lo que sabemos. Una valoraci\u00f3n sobre las dificultades de una posible negociaci\u00f3n, sin referirse a la sustancia del asunto.<\/p>\n\n\n\n<p>A falta de conocer de viva voz la opini\u00f3n del secretario general del partido (Adri\u00e1n Barb\u00f3n), la Federaci\u00f3n Socialista Asturiana (FSA) emiti\u00f3 un comunicado que pide modificar el modelo de financiaci\u00f3n, aunque se alegra de que la nueva propuesta \u00abno incluya un sistema de cupo para ninguna comunidad\u00bb. Vamos a tener que dar gracias al Ministerio de Hacienda por no ampliar la excepcionalidad vasca. El pleno del d\u00eda 30 encierra el peligro de asumir compromisos que impidan flexibilizar posturas en la negociaci\u00f3n bilateral. Toca rebajar la importancia de la sesi\u00f3n, para ello nada mejor que el presidente ceda todo el protagonismo a Pel\u00e1ez.<\/p>\n<!-- AddThis Advanced Settings generic via filter on the_content --><!-- AddThis Share Buttons generic via filter on the_content -->","protected":false},"excerpt":{"rendered":"<p>El pleno extraordinario de la Junta General del Principado, destinado para debatir sobre el nuevo modelo de financiaci\u00f3n auton\u00f3mica, pierde inter\u00e9s al renunciar el presidente, Adri\u00e1n Barb\u00f3n, a intervenir en \u00e9l. La valoraci\u00f3n y las explicaciones del presidente no pueden hurtarse al plenario de la Junta. Se compadece mal con el respeto parlamentario y la [&hellip;]<!-- AddThis Advanced Settings generic via filter on get_the_excerpt --><!-- AddThis Share Buttons generic via filter on get_the_excerpt --><\/p>\n","protected":false},"author":2,"featured_media":0,"comment_status":"open","ping_status":"open","sticky":false,"template":"","format":"standard","meta":[],"categories":[1],"tags":[],"_links":{"self":[{"href":"https:\/\/blogs.elcomercio.es\/largo_de_cafe\/wp-json\/wp\/v2\/posts\/11441"}],"collection":[{"href":"https:\/\/blogs.elcomercio.es\/largo_de_cafe\/wp-json\/wp\/v2\/posts"}],"about":[{"href":"https:\/\/blogs.elcomercio.es\/largo_de_cafe\/wp-json\/wp\/v2\/types\/post"}],"author":[{"embeddable":true,"href":"https:\/\/blogs.elcomercio.es\/largo_de_cafe\/wp-json\/wp\/v2\/users\/2"}],"replies":[{"embeddable":true,"href":"https:\/\/blogs.elcomercio.es\/largo_de_cafe\/wp-json\/wp\/v2\/comments?post=11441"}],"version-history":[{"count":1,"href":"https:\/\/blogs.elcomercio.es\/largo_de_cafe\/wp-json\/wp\/v2\/posts\/11441\/revisions"}],"predecessor-version":[{"id":11442,"href":"https:\/\/blogs.elcomercio.es\/largo_de_cafe\/wp-json\/wp\/v2\/posts\/11441\/revisions\/11442"}],"wp:attachment":[{"href":"https:\/\/blogs.elcomercio.es\/largo_de_cafe\/wp-json\/wp\/v2\/media?parent=11441"}],"wp:term":[{"taxonomy":"category","embeddable":true,"href":"https:\/\/blogs.elcomercio.es\/largo_de_cafe\/wp-json\/wp\/v2\/categories?post=11441"},{"taxonomy":"post_tag","embeddable":true,"href":"https:\/\/blogs.elcomercio.es\/largo_de_cafe\/wp-json\/wp\/v2\/tags?post=11441"}],"curies":[{"name":"wp","href":"https:\/\/api.w.org\/{rel}","templated":true}]}}