{"id":11443,"date":"2026-01-24T22:19:50","date_gmt":"2026-01-24T21:19:50","guid":{"rendered":"https:\/\/blogs.elcomercio.es\/largo_de_cafe\/?p=11443"},"modified":"2026-01-24T22:19:50","modified_gmt":"2026-01-24T21:19:50","slug":"el-abrazo-de-garcia-page","status":"publish","type":"post","link":"https:\/\/blogs.elcomercio.es\/largo_de_cafe\/2026\/01\/24\/el-abrazo-de-garcia-page\/","title":{"rendered":"EL ABRAZO DE GARC\u00cdA-PAGE"},"content":{"rendered":"\n<p>Esther Padilla, portavoz del Gobierno de Castilla-La Mancha, presidido por Garc\u00eda-Page, ha alabado \u00abla valent\u00eda\u00bb de la Federaci\u00f3n Socialista Asturiana (FSA) al rechazar la propuesta de financiaci\u00f3n auton\u00f3mica planteada por el Ministerio de Hacienda, basada en el acuerdo bilateral entre el Gobierno de Espa\u00f1a y los independentistas del Esquerra Republicana de Catalu\u00f1a (ERC).<\/p>\n\n\n\n<p>Dentro de la izquierda, Garc\u00eda-Page combate en solitario la pol\u00edtica del Gobierno de Pedro S\u00e1nchez. Discrep\u00f3 rotundamente de la amnist\u00eda concedida a los cabecillas del movimiento secesionista que intent\u00f3 desligar a Catalu\u00f1a de Espa\u00f1a en octubre de 2017. Critic\u00f3 la propuesta de quita de deuda que era un traje a la medida de la Generalitat, as\u00ed como los pactos realizados por el Gobierno con Bildu, Junts, ERC, BNG, etc., para asegurar la gobernabilidad de la naci\u00f3n. Page rechaza radicalmente el modelo de financiaci\u00f3n presentado por la vicepresidenta, Mar\u00eda Jes\u00fas Montero, porque otorga privilegios a Catalu\u00f1a y rompe la cohesi\u00f3n territorial. Le parece inconcebible, desde la perspectiva de un dirigente de izquierdas, que el Gobierno d\u00e9 el visto bueno a un sistema que renuncia a la igualdad entre los territorios.<\/p>\n\n\n\n<p>Aunque es el \u00fanico presidente socialista que gobierna con mayor\u00eda absoluta, Page se encuentra aislado en la direcci\u00f3n del partido. En el debate de la financiaci\u00f3n se constata la debilidad que tienen actualmente los socialistas, cuando durante muchos a\u00f1os fue el partido con mayor implantaci\u00f3n territorial. S\u00f3lo gobiernan en tres comunidades aut\u00f3nomas del r\u00e9gimen com\u00fan -Asturias, Castilla-La Mancha y Catalu\u00f1a- y en las dos primeras no ven con buenos ojos el modelo de financiaci\u00f3n. Para Page ser\u00eda muy importante que Asturias formara un t\u00e1ndem con Castilla-La Mancha, porque el Gobierno solo contar\u00eda con el interesado apoyo de Catalu\u00f1a, pero Barb\u00f3n no es Page ni Asturias es Castilla-La Mancha.<\/p>\n\n\n\n<p>Page nunca fue &#8216;sanchista&#8217; y Barb\u00f3n lidera el socialismo asturiano gracias a inscribirse en esa corriente dentro del partido. Page aborda el debate de la financiaci\u00f3n desde la \u00f3ptica de los principios y Barb\u00f3n desde la pol\u00edtica del posibilismo, basada en la buena relaci\u00f3n con el Gobierno central. La izquierda asturiana (IU, Sumar, Tom\u00e9) y parte de la derecha (Foro) apoyan la estrategia de Barb\u00f3n, no les importa que implique abandonar el multilateralismo, el caso es recoger frutos. Un ejercicio de pragmatismo que no aplican en temas industriales o de ordenaci\u00f3n del territorio.<\/p>\n<!-- AddThis Advanced Settings generic via filter on the_content --><!-- AddThis Share Buttons generic via filter on the_content -->","protected":false},"excerpt":{"rendered":"<p>Esther Padilla, portavoz del Gobierno de Castilla-La Mancha, presidido por Garc\u00eda-Page, ha alabado \u00abla valent\u00eda\u00bb de la Federaci\u00f3n Socialista Asturiana (FSA) al rechazar la propuesta de financiaci\u00f3n auton\u00f3mica planteada por el Ministerio de Hacienda, basada en el acuerdo bilateral entre el Gobierno de Espa\u00f1a y los independentistas del Esquerra Republicana de Catalu\u00f1a (ERC). Dentro de [&hellip;]<!-- AddThis Advanced Settings generic via filter on get_the_excerpt --><!-- AddThis Share Buttons generic via filter on get_the_excerpt --><\/p>\n","protected":false},"author":2,"featured_media":0,"comment_status":"open","ping_status":"open","sticky":false,"template":"","format":"standard","meta":[],"categories":[1],"tags":[],"_links":{"self":[{"href":"https:\/\/blogs.elcomercio.es\/largo_de_cafe\/wp-json\/wp\/v2\/posts\/11443"}],"collection":[{"href":"https:\/\/blogs.elcomercio.es\/largo_de_cafe\/wp-json\/wp\/v2\/posts"}],"about":[{"href":"https:\/\/blogs.elcomercio.es\/largo_de_cafe\/wp-json\/wp\/v2\/types\/post"}],"author":[{"embeddable":true,"href":"https:\/\/blogs.elcomercio.es\/largo_de_cafe\/wp-json\/wp\/v2\/users\/2"}],"replies":[{"embeddable":true,"href":"https:\/\/blogs.elcomercio.es\/largo_de_cafe\/wp-json\/wp\/v2\/comments?post=11443"}],"version-history":[{"count":1,"href":"https:\/\/blogs.elcomercio.es\/largo_de_cafe\/wp-json\/wp\/v2\/posts\/11443\/revisions"}],"predecessor-version":[{"id":11444,"href":"https:\/\/blogs.elcomercio.es\/largo_de_cafe\/wp-json\/wp\/v2\/posts\/11443\/revisions\/11444"}],"wp:attachment":[{"href":"https:\/\/blogs.elcomercio.es\/largo_de_cafe\/wp-json\/wp\/v2\/media?parent=11443"}],"wp:term":[{"taxonomy":"category","embeddable":true,"href":"https:\/\/blogs.elcomercio.es\/largo_de_cafe\/wp-json\/wp\/v2\/categories?post=11443"},{"taxonomy":"post_tag","embeddable":true,"href":"https:\/\/blogs.elcomercio.es\/largo_de_cafe\/wp-json\/wp\/v2\/tags?post=11443"}],"curies":[{"name":"wp","href":"https:\/\/api.w.org\/{rel}","templated":true}]}}