{"id":11445,"date":"2026-01-24T22:22:17","date_gmt":"2026-01-24T21:22:17","guid":{"rendered":"https:\/\/blogs.elcomercio.es\/largo_de_cafe\/?p=11445"},"modified":"2026-01-24T22:22:17","modified_gmt":"2026-01-24T21:22:17","slug":"el-presidente-pasa-de-pantalla","status":"publish","type":"post","link":"https:\/\/blogs.elcomercio.es\/largo_de_cafe\/2026\/01\/24\/el-presidente-pasa-de-pantalla\/","title":{"rendered":"EL PRESIDENTE PASA DE PANTALLA"},"content":{"rendered":"\n<p>Desde la Feria Internacional de Turismo (Fitur), Adri\u00e1n Barb\u00f3n realiz\u00f3 declaraciones sobre el nuevo sistema de financiaci\u00f3n auton\u00f3mica propuesto por Mar\u00eda Jes\u00fas Montero. Tras catorce d\u00edas de silencio, el presidente del Principado habl\u00f3 sobre el asunto m\u00e1s importante que hay en la agenda pol\u00edtica de 2026 para Asturias. El Gobierno regional puede usar el tipo de comunicaci\u00f3n que considere m\u00e1s eficaz, pero no es de recibo que los ciudadanos se pasen dos semanas leyendo titulares de prensa sobre la financiaci\u00f3n auton\u00f3mica, sin que el presidente del Principado d\u00e9 a conocer su opini\u00f3n, cuando es totalmente determinante para la aceptaci\u00f3n o el rechazo del modelo.<\/p>\n\n\n\n<p>Barb\u00f3n justific\u00f3 el silencio diciendo que su postura \u00abes la misma de siempre\u00bb desde que lidera la FSA en 2017. Siguiendo ese criterio, el resto de presidentes auton\u00f3micos deber\u00edan haberse ahorrado las declaraciones que hicieron, porque todos ellos fijaron posici\u00f3n sobre el sistema de financiaci\u00f3n durante los \u00faltimos a\u00f1os. Cuando el Ministerio de Hacienda presenta un nuevo modelo de financiaci\u00f3n, de forma detallada, cambiando criterios (poblaci\u00f3n por habitante ajustado) e innovando fondos (clim\u00e1tico, pymes), es inexcusable que los presidentes auton\u00f3micos respondan a la ministra para evitar el consentimiento t\u00e1cito: el que calla otorga.<\/p>\n\n\n\n<p>El presidente del Principado afirm\u00f3 que Asturias no aceptar\u00e1 la propuesta de Montero, tal como est\u00e1 planteada y \u00abs\u00f3lo apoyaremos el texto final si se modifica\u00bb. Record\u00f3 su oposici\u00f3n frontal al cupo catal\u00e1n (no lo contempla el modelo de Montero), pero evit\u00f3 nombrar el principio de ordinalidad, que es la gran novedad del sistema, la llave del independentismo catal\u00e1n para disfrutar de una posici\u00f3n privilegiada: una vez aplicados los fondos de solidaridad, Catalu\u00f1a es la tercera regi\u00f3n en capacidad de gasto por habitante (507 euros m\u00e1s por habitante que Asturias). Una posici\u00f3n de privilegio que se explicita en todas las comparaciones: Madrid aporta diez veces m\u00e1s de recursos al sistema que Catalu\u00f1a. El papel que hasta ahora desempe\u00f1aban los catalanes en el modelo de financiaci\u00f3n, ahora lo jugar\u00e1 el Estado. Con otras palabras: todos nosotros.<\/p>\n\n\n\n<p>Pese a las lacerantes desigualdades que contiene el sistema propuesto por el Gobierno, Barb\u00f3n anunci\u00f3 que en el Principado \u00abpasamos de pantalla y entramos en la negociaci\u00f3n\u00bb. Asturias renuncia a presentar una enmienda a la totalidad y acepta la propuesta de Montero. Hasta ahora, s\u00f3lo Catalu\u00f1a hab\u00eda dado ese paso.<\/p>\n<!-- AddThis Advanced Settings generic via filter on the_content --><!-- AddThis Share Buttons generic via filter on the_content -->","protected":false},"excerpt":{"rendered":"<p>Desde la Feria Internacional de Turismo (Fitur), Adri\u00e1n Barb\u00f3n realiz\u00f3 declaraciones sobre el nuevo sistema de financiaci\u00f3n auton\u00f3mica propuesto por Mar\u00eda Jes\u00fas Montero. Tras catorce d\u00edas de silencio, el presidente del Principado habl\u00f3 sobre el asunto m\u00e1s importante que hay en la agenda pol\u00edtica de 2026 para Asturias. El Gobierno regional puede usar el tipo [&hellip;]<!-- AddThis Advanced Settings generic via filter on get_the_excerpt --><!-- AddThis Share Buttons generic via filter on get_the_excerpt --><\/p>\n","protected":false},"author":2,"featured_media":0,"comment_status":"open","ping_status":"open","sticky":false,"template":"","format":"standard","meta":[],"categories":[1],"tags":[],"_links":{"self":[{"href":"https:\/\/blogs.elcomercio.es\/largo_de_cafe\/wp-json\/wp\/v2\/posts\/11445"}],"collection":[{"href":"https:\/\/blogs.elcomercio.es\/largo_de_cafe\/wp-json\/wp\/v2\/posts"}],"about":[{"href":"https:\/\/blogs.elcomercio.es\/largo_de_cafe\/wp-json\/wp\/v2\/types\/post"}],"author":[{"embeddable":true,"href":"https:\/\/blogs.elcomercio.es\/largo_de_cafe\/wp-json\/wp\/v2\/users\/2"}],"replies":[{"embeddable":true,"href":"https:\/\/blogs.elcomercio.es\/largo_de_cafe\/wp-json\/wp\/v2\/comments?post=11445"}],"version-history":[{"count":1,"href":"https:\/\/blogs.elcomercio.es\/largo_de_cafe\/wp-json\/wp\/v2\/posts\/11445\/revisions"}],"predecessor-version":[{"id":11446,"href":"https:\/\/blogs.elcomercio.es\/largo_de_cafe\/wp-json\/wp\/v2\/posts\/11445\/revisions\/11446"}],"wp:attachment":[{"href":"https:\/\/blogs.elcomercio.es\/largo_de_cafe\/wp-json\/wp\/v2\/media?parent=11445"}],"wp:term":[{"taxonomy":"category","embeddable":true,"href":"https:\/\/blogs.elcomercio.es\/largo_de_cafe\/wp-json\/wp\/v2\/categories?post=11445"},{"taxonomy":"post_tag","embeddable":true,"href":"https:\/\/blogs.elcomercio.es\/largo_de_cafe\/wp-json\/wp\/v2\/tags?post=11445"}],"curies":[{"name":"wp","href":"https:\/\/api.w.org\/{rel}","templated":true}]}}