{"id":11447,"date":"2026-01-25T23:32:17","date_gmt":"2026-01-25T22:32:17","guid":{"rendered":"https:\/\/blogs.elcomercio.es\/largo_de_cafe\/?p=11447"},"modified":"2026-01-25T23:32:18","modified_gmt":"2026-01-25T22:32:18","slug":"como-esta-el-patio","status":"publish","type":"post","link":"https:\/\/blogs.elcomercio.es\/largo_de_cafe\/2026\/01\/25\/como-esta-el-patio\/","title":{"rendered":"\u00a1C\u00d3MO EST\u00c1 EL PATIO!"},"content":{"rendered":"\n<p>El nuevo modelo de financiaci\u00f3n auton\u00f3mica, presentado por la vicepresidenta Mar\u00eda Jes\u00fas Montero, obliga a definirse a los partidos pol\u00edticos asturianos.<\/p>\n\n\n\n<p>La semana empez\u00f3 con una reuni\u00f3n del Consejo de Gobierno, donde se ratific\u00f3 el rechazo a la propuesta de Montero. El consejero de Hacienda, una vez satisfecho \u00abun compromiso personal con mi familia\u00bb, volvi\u00f3 a llevar las riendas del debate sobre la financiaci\u00f3n de la comunidad aut\u00f3noma. Lo m\u00e1s importante: quiere aprovechar la \u00abventana de oportunidad\u00bb que ofrece el Ministerio de Hacienda para negociar de forma bilateral mejoras en el modelo que tengan en cuenta los intereses de Asturias.<\/p>\n\n\n\n<p>El portavoz del Gobierno anuncia que el Principado, por primera vez en la etapa auton\u00f3mica, asume la negociaci\u00f3n bilateral con el Gobierno de Espa\u00f1a. Unos d\u00edas m\u00e1s tarde, el presidente Barb\u00f3n a\u00f1adir\u00eda que la negociaci\u00f3n se va a llevar \u00abcon discreci\u00f3n\u00bb. Queda perfectamente delimitada la ceremonia: ser\u00e1 opaca (nadie sabr\u00e1 si empieza o si acaba, si rechaz\u00f3 el Principado propuestas, si el Ministerio de Hacienda puso l\u00edmites a los afanes asturianos, etc.). Para decirlo de una forma m\u00e1s simple: el Principado asume la f\u00f3rmula que emplea Catalu\u00f1a desde hace muchos a\u00f1os para obtener ventajas. La diferencia es que los catalanes van en posici\u00f3n de fuerza, mientras nosotros carecemos de recursos para presionar.<\/p>\n\n\n\n<p><strong>Concreto<\/strong><br>Al descender a los asuntos concretos, Pel\u00e1ez sac\u00f3 a relucir lo que ya reivindicaban sus predecesores hace 17 a\u00f1os: el envejecimiento, la dispersi\u00f3n de la poblaci\u00f3n y la orograf\u00eda. Si punt\u00faan m\u00e1s esos factores en el sistema el Principado votar\u00e1 afirmativamente, en caso concreto se enrocar\u00e1 en el rechazo. Al menos, eso es lo que afirman.<\/p>\n\n\n\n<p>Con la mejora de nuestros aspectos m\u00e1s vulnerables se puede evitar el sonrojo de perder capacidad de gasto por habitante en relaci\u00f3n a la mayor\u00eda de las regiones \u2013eso es lo que nos propone la ministra\u2013, pero de ning\u00fan modo se podr\u00e1 garantizar la prestaci\u00f3n de servicios p\u00fablicos en plano de igualdad en todo el territorio, como propone Pel\u00e1ez.<\/p>\n\n\n\n<p>La financiaci\u00f3n auton\u00f3mica es una materia muy d\u00factil para la demagogia. Mientras Catalu\u00f1a reciba 507 euros m\u00e1s por habitante, no habr\u00e1 forma de equilibrar el modelo, a no ser que se haga una requisa de los recursos madrile\u00f1os y el Estado abandone sus compromisos de revalorizaci\u00f3n autom\u00e1tica de las pensiones.<\/p>\n\n\n\n<p>La opci\u00f3n que presenta Pel\u00e1ez abre las puertas a un acuerdo con el Gobierno de S\u00e1nchez, evitando que la FSA tenga problemas con Moncloa (hace unos a\u00f1os hubiera escrito &#8216;Ferraz&#8217;), pero en modo alguno aporta seguridad para los intereses asturianos.<\/p>\n\n\n\n<p>Con la aceptaci\u00f3n de la bilateralidad se garantiza el nuevo estatus de Catalu\u00f1a (\u00fanica regi\u00f3n que se rige por el principio de ordinalidad). El abandono de la multilateralidad es la renuncia a la igualdad entre los territorios. Eso es mucho m\u00e1s grave que tener punto y medio m\u00e1s o menos en la valoraci\u00f3n del envejecimiento.<\/p>\n\n\n\n<p>La aceptaci\u00f3n de la bilateralidad cambia las coordenadas con las que siempre hizo pol\u00edtica territorial el PSOE asturiano. Basta ver la desorientaci\u00f3n de Pel\u00e1ez cuando se atreve a decir a los populares que tengan una actitud constructiva con el modelo de Montero, ya que con \u00e9l salen ganando las regiones de su partido, como Valencia, Andaluc\u00eda, Murcia o Baleares. Ya se ve lo mentalizado que est\u00e1 para combatir el sistema de Montero.<\/p>\n\n\n\n<p>El martes hubo una reuni\u00f3n de Gimena Llamedo con los portavoces de los partidos, con la excepci\u00f3n de Vox, al estar excluido por el PSOE de los contactos entre grupos, aunque es el tercer partido con m\u00e1s esca\u00f1os en el Parlamento. Me pareci\u00f3 muy ilustrativo el debate para conocer c\u00f3mo est\u00e1 el patio.<\/p>\n\n\n\n<p><strong>Portavoces<\/strong><br>Luis Venta (PP) rechaz\u00f3 que el Gobierno asturiano negocie con Montero la reforma de la financiaci\u00f3n auton\u00f3mica, porque resulta lesiva tanto por las formas como por el fondo: \u00abun mal acuerdo desde el inicio no puede resultar un buen acuerdo final\u00bb. Adri\u00e1n Pumares (Foro) asume que la reforma \u00abnace de la peor manera\u00bb, pero considera que el Principado tiene obligaci\u00f3n de trasladar sus propuestas a Montero. Es consciente de que el modelo es bilateral y que est\u00e1 dise\u00f1ado a la medida de Catalu\u00f1a, pero c\u00f3mo va a renunciar a enviar enmiendas. Es el t\u00edpico diputado del Grupo Mixto, sabedor de su impotencia (trabaja en solitario), se conforma con mandarle sugerencias a la reina del cotarro. La fe le salve.<\/p>\n\n\n\n<p>Laura Tuero, asesora o colaboradora de Covadonga Tom\u00e9, va a trasladar las propuestas del grupo (Somos Asturies) al Principado para que las incorpore a la negociaci\u00f3n. Pide al Gobierno regional \u00abmucha firmeza\u00bb para poder trabajar de forma \u00abconsensuada y seria\u00bb con el Gobierno central dentro de la negociaci\u00f3n bilateral. Es una pena que no hubiera hecho estas afirmaciones hace veinte d\u00edas porque podr\u00edamos calificarlas de carta a los Reyes Magos, pero en plena cuesta de enero me dejan sin argumentos. Construyamos un mundo feliz para que el discurso de Tuero sea plausible en las instituciones. Xabel Vegas (IU-Convocatoria) apost\u00f3 por \u00absentarse a pelear en el Consejo de Pol\u00edtica Fiscal y Financiera (CPFF) y con el Ministerio de Hacienda todo lo relativo a Asturias y al coste de los servicios\u00bb. Vegas me lo pone m\u00e1s dif\u00edcil todav\u00eda. \u00bfPelear en el CPFF? \u00bfNo se enter\u00f3 de que Barb\u00f3n habla de una negociaci\u00f3n \u00abmuy dura\u00bb en formato bilateral? \u00bfEst\u00e1 despistado o es el resultado de representar a varias siglas?<\/p>\n<!-- AddThis Advanced Settings generic via filter on the_content --><!-- AddThis Share Buttons generic via filter on the_content -->","protected":false},"excerpt":{"rendered":"<p>El nuevo modelo de financiaci\u00f3n auton\u00f3mica, presentado por la vicepresidenta Mar\u00eda Jes\u00fas Montero, obliga a definirse a los partidos pol\u00edticos asturianos. La semana empez\u00f3 con una reuni\u00f3n del Consejo de Gobierno, donde se ratific\u00f3 el rechazo a la propuesta de Montero. El consejero de Hacienda, una vez satisfecho \u00abun compromiso personal con mi familia\u00bb, volvi\u00f3 [&hellip;]<!-- AddThis Advanced Settings generic via filter on get_the_excerpt --><!-- AddThis Share Buttons generic via filter on get_the_excerpt --><\/p>\n","protected":false},"author":2,"featured_media":0,"comment_status":"open","ping_status":"open","sticky":false,"template":"","format":"standard","meta":[],"categories":[1],"tags":[],"_links":{"self":[{"href":"https:\/\/blogs.elcomercio.es\/largo_de_cafe\/wp-json\/wp\/v2\/posts\/11447"}],"collection":[{"href":"https:\/\/blogs.elcomercio.es\/largo_de_cafe\/wp-json\/wp\/v2\/posts"}],"about":[{"href":"https:\/\/blogs.elcomercio.es\/largo_de_cafe\/wp-json\/wp\/v2\/types\/post"}],"author":[{"embeddable":true,"href":"https:\/\/blogs.elcomercio.es\/largo_de_cafe\/wp-json\/wp\/v2\/users\/2"}],"replies":[{"embeddable":true,"href":"https:\/\/blogs.elcomercio.es\/largo_de_cafe\/wp-json\/wp\/v2\/comments?post=11447"}],"version-history":[{"count":1,"href":"https:\/\/blogs.elcomercio.es\/largo_de_cafe\/wp-json\/wp\/v2\/posts\/11447\/revisions"}],"predecessor-version":[{"id":11448,"href":"https:\/\/blogs.elcomercio.es\/largo_de_cafe\/wp-json\/wp\/v2\/posts\/11447\/revisions\/11448"}],"wp:attachment":[{"href":"https:\/\/blogs.elcomercio.es\/largo_de_cafe\/wp-json\/wp\/v2\/media?parent=11447"}],"wp:term":[{"taxonomy":"category","embeddable":true,"href":"https:\/\/blogs.elcomercio.es\/largo_de_cafe\/wp-json\/wp\/v2\/categories?post=11447"},{"taxonomy":"post_tag","embeddable":true,"href":"https:\/\/blogs.elcomercio.es\/largo_de_cafe\/wp-json\/wp\/v2\/tags?post=11447"}],"curies":[{"name":"wp","href":"https:\/\/api.w.org\/{rel}","templated":true}]}}