{"id":11449,"date":"2026-01-26T19:04:34","date_gmt":"2026-01-26T18:04:34","guid":{"rendered":"https:\/\/blogs.elcomercio.es\/largo_de_cafe\/?p=11449"},"modified":"2026-01-26T19:04:34","modified_gmt":"2026-01-26T18:04:34","slug":"la-asturias-oficial","status":"publish","type":"post","link":"https:\/\/blogs.elcomercio.es\/largo_de_cafe\/2026\/01\/26\/la-asturias-oficial\/","title":{"rendered":"LA ASTURIAS OFICIAL"},"content":{"rendered":"\n<p>El pleno extraordinario de la Junta General del Principado para debatir sobre el nuevo modelo de financiaci\u00f3n auton\u00f3mica deber\u00eda ser una gran oportunidad para demostrar ante el Gobierno de Espa\u00f1a la unidad entre el Ejecutivo regional y la oposici\u00f3n en la defensa de los intereses de Asturias. No es una experiencia nueva, ya se ha actuado as\u00ed en la pasada legislatura, pero dadas las manifestaciones realizadas por los portavoces de los grupos parlamentarios la pasada semana podemos afirmar, anticipadamente, que el pleno se convertir\u00e1 en una ocasi\u00f3n perdida.<\/p>\n\n\n\n<p>A juzgar por las declaraciones realizadas, el PP es el \u00fanico grupo que se mantiene fiel al esp\u00edritu del acuerdo mayoritario (todos los grupos menos Vox) alcanzado en la C\u00e1mara auton\u00f3mica en 2020. No acepta negociaciones bilaterales con el Gobierno central. S\u00f3lo considera v\u00e1lida la negociaci\u00f3n multilateral en el seno del Consejo de Pol\u00edtica Fiscal y Financiera (CPFF). Vox tambi\u00e9n rechaza la entente bilateral, pero su negativa tiene un sentido muy distinto a la del PP, porque los seguidores de Abascal tambi\u00e9n rechazaron la propuesta multilateral cuando tuvieron la ocasi\u00f3n de votarla. Vox, en la actualidad, dice no a todo lo que le propongan. En las encuestas sube como la espuma, as\u00ed que no va a cambiar de t\u00e1ctica.<\/p>\n\n\n\n<p>Los socialistas piensan que la v\u00eda \u00fanica para el acuerdo es la multilateral, pero aceptan la propuesta de di\u00e1logo de Mar\u00eda Jes\u00fas Montero. Predican multilateralidad y asumen bilateralidad. La contradicci\u00f3n se explica porque no se atreven a desairar a la ministra de Hacienda. Pasar\u00e1n por las horcas caudinas de la Moncloa, obviando principios que consideraban irrenunciables como el debate en las instituciones (CPFF) con luz y taqu\u00edgrafos. Como la forma condiciona el fondo, el consejero de Hacienda, cuando dialogue con Montero, se cuidar\u00e1 de denunciar el privilegio de la ordinalidad que recoge el proyecto de la ministra para Catalu\u00f1a. Pel\u00e1ez se centrar\u00e1 en intentar mejorar la valoraci\u00f3n que se le da en el proyecto a las regiones con poblaci\u00f3n envejecida, dispersa y con marcados desniveles orogr\u00e1ficos. Si en la propuesta de la ministra tiene Asturias asignada una capacidad de gasto por habitante de 95,3 se conformar\u00e1 Pel\u00e1ez con que suba tres o cuatro puntos. Izquierda Unida, como socio del PSOE en el Principado, podr\u00eda presionar a los socialistas. No lo har\u00e1n, est\u00e1n encantados con el trato opaco de la bilateralidad. Tom\u00e9 y Pumares le har\u00e1n sugerencias al negociador. Este es el estado de la Asturias oficial.<\/p>\n<!-- AddThis Advanced Settings generic via filter on the_content --><!-- AddThis Share Buttons generic via filter on the_content -->","protected":false},"excerpt":{"rendered":"<p>El pleno extraordinario de la Junta General del Principado para debatir sobre el nuevo modelo de financiaci\u00f3n auton\u00f3mica deber\u00eda ser una gran oportunidad para demostrar ante el Gobierno de Espa\u00f1a la unidad entre el Ejecutivo regional y la oposici\u00f3n en la defensa de los intereses de Asturias. No es una experiencia nueva, ya se ha [&hellip;]<!-- AddThis Advanced Settings generic via filter on get_the_excerpt --><!-- AddThis Share Buttons generic via filter on get_the_excerpt --><\/p>\n","protected":false},"author":2,"featured_media":0,"comment_status":"open","ping_status":"open","sticky":false,"template":"","format":"standard","meta":[],"categories":[1],"tags":[],"_links":{"self":[{"href":"https:\/\/blogs.elcomercio.es\/largo_de_cafe\/wp-json\/wp\/v2\/posts\/11449"}],"collection":[{"href":"https:\/\/blogs.elcomercio.es\/largo_de_cafe\/wp-json\/wp\/v2\/posts"}],"about":[{"href":"https:\/\/blogs.elcomercio.es\/largo_de_cafe\/wp-json\/wp\/v2\/types\/post"}],"author":[{"embeddable":true,"href":"https:\/\/blogs.elcomercio.es\/largo_de_cafe\/wp-json\/wp\/v2\/users\/2"}],"replies":[{"embeddable":true,"href":"https:\/\/blogs.elcomercio.es\/largo_de_cafe\/wp-json\/wp\/v2\/comments?post=11449"}],"version-history":[{"count":1,"href":"https:\/\/blogs.elcomercio.es\/largo_de_cafe\/wp-json\/wp\/v2\/posts\/11449\/revisions"}],"predecessor-version":[{"id":11450,"href":"https:\/\/blogs.elcomercio.es\/largo_de_cafe\/wp-json\/wp\/v2\/posts\/11449\/revisions\/11450"}],"wp:attachment":[{"href":"https:\/\/blogs.elcomercio.es\/largo_de_cafe\/wp-json\/wp\/v2\/media?parent=11449"}],"wp:term":[{"taxonomy":"category","embeddable":true,"href":"https:\/\/blogs.elcomercio.es\/largo_de_cafe\/wp-json\/wp\/v2\/categories?post=11449"},{"taxonomy":"post_tag","embeddable":true,"href":"https:\/\/blogs.elcomercio.es\/largo_de_cafe\/wp-json\/wp\/v2\/tags?post=11449"}],"curies":[{"name":"wp","href":"https:\/\/api.w.org\/{rel}","templated":true}]}}