{"id":11452,"date":"2026-01-27T19:40:16","date_gmt":"2026-01-27T18:40:16","guid":{"rendered":"https:\/\/blogs.elcomercio.es\/largo_de_cafe\/?p=11452"},"modified":"2026-01-27T19:40:16","modified_gmt":"2026-01-27T18:40:16","slug":"util-y-rentable","status":"publish","type":"post","link":"https:\/\/blogs.elcomercio.es\/largo_de_cafe\/2026\/01\/27\/util-y-rentable\/","title":{"rendered":"\u00daTIL Y RENTABLE"},"content":{"rendered":"\n<p>Celebraci\u00f3n de la festividad de Santo Tom\u00e1s de Aquino en la Universidad de Oviedo, con la presencia del Secretario General de Universidades, Francisco Garc\u00eda Pascual, que hizo un canto a las universidades p\u00fablicas (\u00ab\u00bfalguien se puede imaginar Asturias sin la Universidad de Oviedo?\u00bb). Pascual, miembro del equipo que encabeza Diana Morant al frente del Ministerio Ciencia, Innovaci\u00f3n y Universidades, se refiri\u00f3 a los cambios normativos realizados para reforzar la calidad de las universidades. Las nuevas exigencias administrativas endurecen los criterios para crear universidades, siendo m\u00e1s f\u00e1cil constituir centros adscritos; esa v\u00eda tom\u00f3, por ejemplo, la Universidad Europea para desarrollar su actividad acad\u00e9mica en Gij\u00f3n. Garc\u00eda Pascual asever\u00f3 que tanto las universidades, como sus centros adscritos, tendr\u00e1n la calidad necesaria.<\/p>\n\n\n\n<p>No hace falta decir que la nueva normativa se confeccion\u00f3 pensando en los centros privados, porque en lo que va de siglo no se cre\u00f3 ninguna universidad p\u00fablica, en contraste con las 27 privadas. En el cambio de la normativa influy\u00f3 la opini\u00f3n de los rectores de los centros p\u00fablicos, preocupados por la tendencia de los estudiantes a matricularse en centros privados. Garc\u00eda Pascual suministr\u00f3 un dato elocuente: en la \u00faltima d\u00e9cada creci\u00f3 un 2% el n\u00famero de los alumnos en las universidades p\u00fablicas, mientras en las privadas el incremento fue del 129%.<\/p>\n\n\n\n<p>El discurso de Garc\u00eda Pascual tuvo su contrapunto en la intervenci\u00f3n de Ignacio Villaverde, rector de la Universidad de Oviedo, ya que la cuesti\u00f3n de los centros privados le afecta. Dijo que \u00abla investigaci\u00f3n, la ciencia y la I+D+i, en este pa\u00eds, las hace la p\u00fablica\u00bb. Dos observaciones. Hasta el otro d\u00eda, apenas hab\u00eda centros privados, habr\u00e1 que ver c\u00f3mo es la investigaci\u00f3n en esas universidades dentro de unas d\u00e9cadas. Frente a lo que dice el rector, no toda la investigaci\u00f3n en Espa\u00f1a la hace la universidad p\u00fablica. La investigaci\u00f3n b\u00e1sica, s\u00ed, por supuesto, pero el desarrollo (D) y la innovaci\u00f3n (i) la hacen las empresas privadas.<\/p>\n\n\n\n<p>Villaverde se adentr\u00f3 en los conceptos: \u00abLa alta investigaci\u00f3n nunca es rentable econ\u00f3micamente, porque utilidad y rentabilidad econ\u00f3mica son cosas muy distintas\u00bb. Antes de hacer una afirmaci\u00f3n tan arriesgada, deber\u00eda el rector de la Universidad de Oviedo preguntar a la Universidad de Pensilvania y a la empresa Cellscript cu\u00e1nto ganaron con la patente de la vacuna del Covid. Sus colegas de Filadelfia 1.600 millones de d\u00f3lares. Nada m\u00e1s \u00fatil.<\/p>\n<!-- AddThis Advanced Settings generic via filter on the_content --><!-- AddThis Share Buttons generic via filter on the_content -->","protected":false},"excerpt":{"rendered":"<p>Celebraci\u00f3n de la festividad de Santo Tom\u00e1s de Aquino en la Universidad de Oviedo, con la presencia del Secretario General de Universidades, Francisco Garc\u00eda Pascual, que hizo un canto a las universidades p\u00fablicas (\u00ab\u00bfalguien se puede imaginar Asturias sin la Universidad de Oviedo?\u00bb). Pascual, miembro del equipo que encabeza Diana Morant al frente del Ministerio [&hellip;]<!-- AddThis Advanced Settings generic via filter on get_the_excerpt --><!-- AddThis Share Buttons generic via filter on get_the_excerpt --><\/p>\n","protected":false},"author":2,"featured_media":0,"comment_status":"open","ping_status":"open","sticky":false,"template":"","format":"standard","meta":[],"categories":[1],"tags":[],"_links":{"self":[{"href":"https:\/\/blogs.elcomercio.es\/largo_de_cafe\/wp-json\/wp\/v2\/posts\/11452"}],"collection":[{"href":"https:\/\/blogs.elcomercio.es\/largo_de_cafe\/wp-json\/wp\/v2\/posts"}],"about":[{"href":"https:\/\/blogs.elcomercio.es\/largo_de_cafe\/wp-json\/wp\/v2\/types\/post"}],"author":[{"embeddable":true,"href":"https:\/\/blogs.elcomercio.es\/largo_de_cafe\/wp-json\/wp\/v2\/users\/2"}],"replies":[{"embeddable":true,"href":"https:\/\/blogs.elcomercio.es\/largo_de_cafe\/wp-json\/wp\/v2\/comments?post=11452"}],"version-history":[{"count":1,"href":"https:\/\/blogs.elcomercio.es\/largo_de_cafe\/wp-json\/wp\/v2\/posts\/11452\/revisions"}],"predecessor-version":[{"id":11453,"href":"https:\/\/blogs.elcomercio.es\/largo_de_cafe\/wp-json\/wp\/v2\/posts\/11452\/revisions\/11453"}],"wp:attachment":[{"href":"https:\/\/blogs.elcomercio.es\/largo_de_cafe\/wp-json\/wp\/v2\/media?parent=11452"}],"wp:term":[{"taxonomy":"category","embeddable":true,"href":"https:\/\/blogs.elcomercio.es\/largo_de_cafe\/wp-json\/wp\/v2\/categories?post=11452"},{"taxonomy":"post_tag","embeddable":true,"href":"https:\/\/blogs.elcomercio.es\/largo_de_cafe\/wp-json\/wp\/v2\/tags?post=11452"}],"curies":[{"name":"wp","href":"https:\/\/api.w.org\/{rel}","templated":true}]}}