{"id":11529,"date":"2026-03-02T20:42:02","date_gmt":"2026-03-02T19:42:02","guid":{"rendered":"https:\/\/blogs.elcomercio.es\/largo_de_cafe\/?p=11529"},"modified":"2026-03-02T20:42:02","modified_gmt":"2026-03-02T19:42:02","slug":"gasto-integral","status":"publish","type":"post","link":"https:\/\/blogs.elcomercio.es\/largo_de_cafe\/2026\/03\/02\/gasto-integral\/","title":{"rendered":"GASTO INTEGRAL"},"content":{"rendered":"\n<p>La Universidad de Oviedo va a contar con 17 millones de euros para tareas de mantenimiento de los cincuenta inmuebles de la instituci\u00f3n, fruto de un acuerdo con el Principado. En la actualidad se realizan obras de mejora en Econom\u00eda y Empresa, Geolog\u00eda, Medicina, Marina Civil, Formaci\u00f3n del Profesorado o Ciencias, pero seg\u00fan el equipo rectoral con esas actuaciones puntuales no es suficiente, necesitan un plan para realizar un mantenimiento integral de los edificios y ya cuentan con la financiaci\u00f3n. Las actuaciones empezar\u00e1n en abril y terminar\u00e1n en marzo de 2029. La propia Universidad realiz\u00f3 un estudio sobre los trabajos a acometer y daba como resultado un presupuesto de 18 millones, que negociado con el Principado acab\u00f3 siendo de 16,9 millones.<\/p>\n\n\n\n<p>Seguro que los inmuebles del alma mater necesitan mantenimiento, lo que resta por saber es si las necesidades son tan urgentes que implican gastar casi seis millones al a\u00f1o en esas tareas. Como el mantenimiento es una labor permanente, tal vez los gestores de la instituci\u00f3n se acostumbren a ese ritmo de gasto y quede incorporado en las cuentas como una cifra constante. Entramos en la \u00e9poca del mantenimiento: ferrocarriles, carreteras, edificios.<\/p>\n\n\n\n<p>La mayor parte de los cincuenta inmuebles no est\u00e1n muy deteriorados ni envejecidos para necesitar actuaciones integrales. El campus del Cristo (me refiero a lo que siempre se llam\u00f3 el campus del Cristo, no el reciente a\u00f1adido de edificios de la Seguridad Social, adquiridos o cedidos) los inmuebles est\u00e1n en buen estado. En el campus del Mil\u00e1n, inaugurado en 1992, el edificio hist\u00f3rico est\u00e1 remodelado con m\u00e1s de 18 millones de euros. El campus de Gij\u00f3n se hacen mejoras en espacios administrativos, en aplicar normativa contra incendios o en instalaciones deportivas, pero encajan m\u00e1s dentro de las actuaciones puntuales que en las labores integrales de mantenimiento.<\/p>\n\n\n\n<p>La cuesti\u00f3n de fondo es otra. A mediados de los a\u00f1os noventa hab\u00eda 43.000 estudiantes en la Universidad de Oviedo (m\u00e1s del doble que ahora) que exig\u00edan construcci\u00f3n de edificios y replanteamiento de espacios. Desde entonces, los rectores, con dos honrosas excepciones, introdujeron los inmuebles en el n\u00facleo central de su discurso. Se ganan apoyos haciendo obras. Como ocurre con los alcaldes. Se sugieren perentorias necesidades de espacio para un objetivo; luego se hace un plan de optimizaci\u00f3n de recursos y se acaba destinando el inmueble para algo distinto a lo hablado. Los rectores convertidos en gerentes.<\/p>\n<!-- AddThis Advanced Settings generic via filter on the_content --><!-- AddThis Share Buttons generic via filter on the_content -->","protected":false},"excerpt":{"rendered":"<p>La Universidad de Oviedo va a contar con 17 millones de euros para tareas de mantenimiento de los cincuenta inmuebles de la instituci\u00f3n, fruto de un acuerdo con el Principado. En la actualidad se realizan obras de mejora en Econom\u00eda y Empresa, Geolog\u00eda, Medicina, Marina Civil, Formaci\u00f3n del Profesorado o Ciencias, pero seg\u00fan el equipo [&hellip;]<!-- AddThis Advanced Settings generic via filter on get_the_excerpt --><!-- AddThis Share Buttons generic via filter on get_the_excerpt --><\/p>\n","protected":false},"author":2,"featured_media":0,"comment_status":"open","ping_status":"open","sticky":false,"template":"","format":"standard","meta":[],"categories":[1],"tags":[],"_links":{"self":[{"href":"https:\/\/blogs.elcomercio.es\/largo_de_cafe\/wp-json\/wp\/v2\/posts\/11529"}],"collection":[{"href":"https:\/\/blogs.elcomercio.es\/largo_de_cafe\/wp-json\/wp\/v2\/posts"}],"about":[{"href":"https:\/\/blogs.elcomercio.es\/largo_de_cafe\/wp-json\/wp\/v2\/types\/post"}],"author":[{"embeddable":true,"href":"https:\/\/blogs.elcomercio.es\/largo_de_cafe\/wp-json\/wp\/v2\/users\/2"}],"replies":[{"embeddable":true,"href":"https:\/\/blogs.elcomercio.es\/largo_de_cafe\/wp-json\/wp\/v2\/comments?post=11529"}],"version-history":[{"count":1,"href":"https:\/\/blogs.elcomercio.es\/largo_de_cafe\/wp-json\/wp\/v2\/posts\/11529\/revisions"}],"predecessor-version":[{"id":11530,"href":"https:\/\/blogs.elcomercio.es\/largo_de_cafe\/wp-json\/wp\/v2\/posts\/11529\/revisions\/11530"}],"wp:attachment":[{"href":"https:\/\/blogs.elcomercio.es\/largo_de_cafe\/wp-json\/wp\/v2\/media?parent=11529"}],"wp:term":[{"taxonomy":"category","embeddable":true,"href":"https:\/\/blogs.elcomercio.es\/largo_de_cafe\/wp-json\/wp\/v2\/categories?post=11529"},{"taxonomy":"post_tag","embeddable":true,"href":"https:\/\/blogs.elcomercio.es\/largo_de_cafe\/wp-json\/wp\/v2\/tags?post=11529"}],"curies":[{"name":"wp","href":"https:\/\/api.w.org\/{rel}","templated":true}]}}