{"id":11535,"date":"2026-03-05T21:19:49","date_gmt":"2026-03-05T20:19:49","guid":{"rendered":"https:\/\/blogs.elcomercio.es\/largo_de_cafe\/?p=11535"},"modified":"2026-03-05T21:19:50","modified_gmt":"2026-03-05T20:19:50","slug":"preguntas-sin-respuesta","status":"publish","type":"post","link":"https:\/\/blogs.elcomercio.es\/largo_de_cafe\/2026\/03\/05\/preguntas-sin-respuesta\/","title":{"rendered":"PREGUNTAS SIN RESPUESTA"},"content":{"rendered":"\n<p>Esta semana tocaba el &#8216;cara a cara&#8217; entre \u00c1lvaro Queipo y Adri\u00e1n Barb\u00f3n en la Junta General del Principado. Una semana debaten y la siguiente descansan. En la v\u00edspera, el atasco en la gesti\u00f3n de las prestaciones de la Ley de Dependencia hab\u00eda provocado un pleno parlamentario agitado con repetidas llamadas al orden del presidente de la C\u00e1mara, Juan Cofi\u00f1o, a diputados de PP y Vox. Queipo fue directo al tema candente, preguntando al presidente por la causa del fracaso de su gesti\u00f3n. Calific\u00f3 de estafa pol\u00edtica el colapso del sistema de Dependencia y pidi\u00f3 a Barb\u00f3n que cesara a la consejera de Derechos Sociales, Marta del Arco. Sac\u00f3 a relucir los n\u00fameros, al hablar de 200.000 registros duplicados, de 7.500 expedientes de la Dependencia que est\u00e1n a la espera de ser tramitados, de 5.500 solicitudes iniciales sin resolver y de los 450 d\u00edas de media que transcurren desde que se inicia el proceso hasta que se pueden ejercitar los derechos contemplados en la Ley de Dependencia.<\/p>\n\n\n\n<p>En la descripci\u00f3n del desastre, el l\u00edder del PP se refiri\u00f3 a las personas que \u00abadministrativamente dejaron de existir\u00bb y de los miles de familias que est\u00e1n en el \u00ablimbo\u00bb (personas que tienen reconocido un grado de dependencia, pero no reciben la prestaci\u00f3n). Para explicar o contrarrestar los datos expuestos por Queipo, Adri\u00e1n Barb\u00f3n recurri\u00f3 a la pandemia, recordando que hubo que dedicar muchos recursos para luchar contra el virus. Es cierto que los principales servicios p\u00fablicos, como la sanidad, la educaci\u00f3n o los servicios sociales, se vieron alterados, interrumpidos o recortados por la transmisi\u00f3n del virus. Ahora bien, seis a\u00f1os m\u00e1s tarde, los efectos de la pandemia han quedado superados. Ning\u00fan servicio p\u00fablico qued\u00f3 tan erosionado como la sanidad, en el a\u00f1o 2020, y a nadie se le ocurre ahora decir que las listas de espera sanitarias se deben al coranavirus.<\/p>\n\n\n\n<p>No resulta f\u00e1cil defender la gesti\u00f3n del Principado en la Dependencia. La pandemia es un argumento d\u00e9bil, pero se puede recurrir a \u00e9l. Lo verdaderamente llamativo fue la apelaci\u00f3n de Barb\u00f3n a la guerra de Ir\u00e1n para tapar el desastre de las cifras de la Dependencia. Culp\u00f3 a Queipo de \u00abno aprovechar el turno de palabra para denunciar el conficto\u00bb. Pasmoso. Recurri\u00f3 tambi\u00e9n a la matanza de Gaza para tapar el suspenso en la Dependencia: \u00abMientras algunos nos manifest\u00e1bamos contra la guerra, usted apoyaba la invasi\u00f3n\u00bb. El Principado ha asumido el estilo parlamentario de S\u00e1nchez, de dar respuestas que nadie le pidi\u00f3 a preguntas que no puede responder.<\/p>\n<!-- AddThis Advanced Settings generic via filter on the_content --><!-- AddThis Share Buttons generic via filter on the_content -->","protected":false},"excerpt":{"rendered":"<p>Esta semana tocaba el &#8216;cara a cara&#8217; entre \u00c1lvaro Queipo y Adri\u00e1n Barb\u00f3n en la Junta General del Principado. Una semana debaten y la siguiente descansan. En la v\u00edspera, el atasco en la gesti\u00f3n de las prestaciones de la Ley de Dependencia hab\u00eda provocado un pleno parlamentario agitado con repetidas llamadas al orden del presidente [&hellip;]<!-- AddThis Advanced Settings generic via filter on get_the_excerpt --><!-- AddThis Share Buttons generic via filter on get_the_excerpt --><\/p>\n","protected":false},"author":2,"featured_media":0,"comment_status":"open","ping_status":"open","sticky":false,"template":"","format":"standard","meta":[],"categories":[1],"tags":[],"_links":{"self":[{"href":"https:\/\/blogs.elcomercio.es\/largo_de_cafe\/wp-json\/wp\/v2\/posts\/11535"}],"collection":[{"href":"https:\/\/blogs.elcomercio.es\/largo_de_cafe\/wp-json\/wp\/v2\/posts"}],"about":[{"href":"https:\/\/blogs.elcomercio.es\/largo_de_cafe\/wp-json\/wp\/v2\/types\/post"}],"author":[{"embeddable":true,"href":"https:\/\/blogs.elcomercio.es\/largo_de_cafe\/wp-json\/wp\/v2\/users\/2"}],"replies":[{"embeddable":true,"href":"https:\/\/blogs.elcomercio.es\/largo_de_cafe\/wp-json\/wp\/v2\/comments?post=11535"}],"version-history":[{"count":1,"href":"https:\/\/blogs.elcomercio.es\/largo_de_cafe\/wp-json\/wp\/v2\/posts\/11535\/revisions"}],"predecessor-version":[{"id":11536,"href":"https:\/\/blogs.elcomercio.es\/largo_de_cafe\/wp-json\/wp\/v2\/posts\/11535\/revisions\/11536"}],"wp:attachment":[{"href":"https:\/\/blogs.elcomercio.es\/largo_de_cafe\/wp-json\/wp\/v2\/media?parent=11535"}],"wp:term":[{"taxonomy":"category","embeddable":true,"href":"https:\/\/blogs.elcomercio.es\/largo_de_cafe\/wp-json\/wp\/v2\/categories?post=11535"},{"taxonomy":"post_tag","embeddable":true,"href":"https:\/\/blogs.elcomercio.es\/largo_de_cafe\/wp-json\/wp\/v2\/tags?post=11535"}],"curies":[{"name":"wp","href":"https:\/\/api.w.org\/{rel}","templated":true}]}}