{"id":11537,"date":"2026-03-07T00:12:43","date_gmt":"2026-03-06T23:12:43","guid":{"rendered":"https:\/\/blogs.elcomercio.es\/largo_de_cafe\/?p=11537"},"modified":"2026-03-07T00:12:43","modified_gmt":"2026-03-06T23:12:43","slug":"dos-ruedas-de-prensa","status":"publish","type":"post","link":"https:\/\/blogs.elcomercio.es\/largo_de_cafe\/2026\/03\/07\/dos-ruedas-de-prensa\/","title":{"rendered":"DOS RUEDAS DE PRENSA"},"content":{"rendered":"\n<p>\u00c1lvaro Queipo, l\u00edder de la oposici\u00f3n, mostr\u00f3 en rueda de prensa la escasa ejecuci\u00f3n presupuestaria en el cap\u00edtulo de inversiones. Seg\u00fan sus cuentas, el pasado a\u00f1o s\u00f3lo se consumi\u00f3 el 56% del dinero reservado para inversiones, lo que supone que, de 1.061 millones aprobados, s\u00f3lo se hayan gastado 595. La p\u00e9rdida de recursos recaudados tiene un mayor impacto en departamentos de gran contenido social, como la Consejer\u00eda de Ordenaci\u00f3n del Territorio, Urbanismo, Vivienda y Derechos Sociales (IU). Queipo constat\u00f3 que solo se gast\u00f3 el 33% de la reserva presupuestaria, dejando cien millones destinados a vivienda sin utilizar. Lo mismo sucedi\u00f3 en la Consejer\u00eda de Derechos Sociales y Bienestar, donde el 53% de las partidas quedaron sin aplicaci\u00f3n. Destaca la casi nula ejecuci\u00f3n de las inversiones dedicadas a los Establecimientos Residenciales de Ancianos (ERA).<\/p>\n\n\n\n<p>El 94% de los recursos quedaron intactos al terminar el ejercicio. 23 millones que hab\u00eda para incrementar las plazas en geri\u00e1tricos no fueron movilizados. Si algo necesitan los asturianos de la tercera edad (mayores de 65 a\u00f1os), son plazas geri\u00e1tricas, porque la demanda supera de largo a la oferta. Si no se asume que el aumento de infraestructuras residenciales es una urgencia, lo que va ocurrir es una secuencia conocida: el acceso a las plazas p\u00fablicas estar\u00e1 precedido de largas esperas y las plazas concertadas o libres tendr\u00e1n un coste m\u00e1s alto. Algo parecido sucedi\u00f3 en la direcci\u00f3n general de la vivienda, con el 95% del presupuesto sin gastar en todo el a\u00f1o. El r\u00e9cord del desperdicio de recursos lo tiene la citada direcci\u00f3n general, que en el programa de promoci\u00f3n de vivienda p\u00fablica no gast\u00f3 ni un euro de lo asignado.<\/p>\n\n\n\n<p>Con una rapidez inusitada, el consejero de Hacienda y portavoz del Gobierno, Guillermo Pel\u00e1ez, convoc\u00f3 a los medios para responder a las cr\u00edticas de Queipo. Manifest\u00f3 que el dirigente del PP confunde cifras y fases presupuestarias; tambi\u00e9n le acus\u00f3 de mezclar cifras que no son comparables. Hay una diferencia metodol\u00f3gica entre los c\u00e1lculos del Gobierno y los del PP: el primero no incluye en el an\u00e1lisis los fondos europeos del Mecanismo de Recuperaci\u00f3n y Resiliencia (MRR) y el segundo s\u00ed. Pel\u00e1ez justifica la neutralizaci\u00f3n de esos fondos por su mayor horizonte temporal (m\u00e1s de un ejercicio).<\/p>\n\n\n\n<p>El debate es muy interesante y deber\u00eda tener continuaci\u00f3n en un pleno del Parlamento. Hay que saber si se ejecut\u00f3 un 56% de las inversiones o el 69%. Es la diferencia entre un suspenso o un aprobado por los pelos.<\/p>\n<!-- AddThis Advanced Settings generic via filter on the_content --><!-- AddThis Share Buttons generic via filter on the_content -->","protected":false},"excerpt":{"rendered":"<p>\u00c1lvaro Queipo, l\u00edder de la oposici\u00f3n, mostr\u00f3 en rueda de prensa la escasa ejecuci\u00f3n presupuestaria en el cap\u00edtulo de inversiones. Seg\u00fan sus cuentas, el pasado a\u00f1o s\u00f3lo se consumi\u00f3 el 56% del dinero reservado para inversiones, lo que supone que, de 1.061 millones aprobados, s\u00f3lo se hayan gastado 595. La p\u00e9rdida de recursos recaudados tiene [&hellip;]<!-- AddThis Advanced Settings generic via filter on get_the_excerpt --><!-- AddThis Share Buttons generic via filter on get_the_excerpt --><\/p>\n","protected":false},"author":2,"featured_media":0,"comment_status":"open","ping_status":"open","sticky":false,"template":"","format":"standard","meta":[],"categories":[1],"tags":[],"_links":{"self":[{"href":"https:\/\/blogs.elcomercio.es\/largo_de_cafe\/wp-json\/wp\/v2\/posts\/11537"}],"collection":[{"href":"https:\/\/blogs.elcomercio.es\/largo_de_cafe\/wp-json\/wp\/v2\/posts"}],"about":[{"href":"https:\/\/blogs.elcomercio.es\/largo_de_cafe\/wp-json\/wp\/v2\/types\/post"}],"author":[{"embeddable":true,"href":"https:\/\/blogs.elcomercio.es\/largo_de_cafe\/wp-json\/wp\/v2\/users\/2"}],"replies":[{"embeddable":true,"href":"https:\/\/blogs.elcomercio.es\/largo_de_cafe\/wp-json\/wp\/v2\/comments?post=11537"}],"version-history":[{"count":1,"href":"https:\/\/blogs.elcomercio.es\/largo_de_cafe\/wp-json\/wp\/v2\/posts\/11537\/revisions"}],"predecessor-version":[{"id":11538,"href":"https:\/\/blogs.elcomercio.es\/largo_de_cafe\/wp-json\/wp\/v2\/posts\/11537\/revisions\/11538"}],"wp:attachment":[{"href":"https:\/\/blogs.elcomercio.es\/largo_de_cafe\/wp-json\/wp\/v2\/media?parent=11537"}],"wp:term":[{"taxonomy":"category","embeddable":true,"href":"https:\/\/blogs.elcomercio.es\/largo_de_cafe\/wp-json\/wp\/v2\/categories?post=11537"},{"taxonomy":"post_tag","embeddable":true,"href":"https:\/\/blogs.elcomercio.es\/largo_de_cafe\/wp-json\/wp\/v2\/tags?post=11537"}],"curies":[{"name":"wp","href":"https:\/\/api.w.org\/{rel}","templated":true}]}}