{"id":11539,"date":"2026-03-07T17:47:03","date_gmt":"2026-03-07T16:47:03","guid":{"rendered":"https:\/\/blogs.elcomercio.es\/largo_de_cafe\/?p=11539"},"modified":"2026-03-07T17:47:04","modified_gmt":"2026-03-07T16:47:04","slug":"campings-y-autocaravanas","status":"publish","type":"post","link":"https:\/\/blogs.elcomercio.es\/largo_de_cafe\/2026\/03\/07\/campings-y-autocaravanas\/","title":{"rendered":"CAMPINGS Y AUTOCARAVANAS"},"content":{"rendered":"\n<p>Reuni\u00f3n informal entre el consejero de Ordenaci\u00f3n del Territorio, Urbanismo, Vivienda y Derechos Sociales, Ovidio Zapico, y Francisco Gonz\u00e1lez Buend\u00eda, que hace 25 a\u00f1os fue el responsable de la ordenaci\u00f3n del territorio en el Principado: cuatro a\u00f1os de director general y otros ocho como consejero; posteriormente, fue durante cuatro a\u00f1os director general de urbanismo en Cantabria. La finalidad del encuentro es chequear la problem\u00e1tica del territorio, recuperar experiencias y, en lo posible, otear nuevos caminos.<\/p>\n\n\n\n<p>Buend\u00eda fue art\u00edfice del Plan de Ordenaci\u00f3n del Litoral de Asturias (POLA), una iniciativa que ten\u00eda como objetivo preservar de construcciones los 500 metros m\u00e1s cercanos a la costa. Imponer esa meta frente a intereses particulares hizo que la costa asturiana sea la menos deteriorada de Espa\u00f1a. Zapico quiere \u00abblindar el POLA\u00bb. En la jerga pol\u00edtica se recurre mucho al blindaje. Con ese t\u00e9rmino tratan de decir que tal o cual medida es irreversible y eso casi nunca es posible. Un gobierno posterior, con mayor\u00eda absoluta en la C\u00e1mara, propia o por medio de alianzas, puede desandar el camino.<\/p>\n\n\n\n<p>En los tiempos de Buend\u00eda, los campings eran un problema, un asunto que ahora se quiere regular a trav\u00e9s de planes especiales. Cuando la actividad tur\u00edstica creci\u00f3 en Espa\u00f1a, el camping fue el equipamiento que permiti\u00f3 hacer turismo barato. Desde los a\u00f1os noventa, la clase pol\u00edtica asturiana asumi\u00f3 el objetivo de captar turistas ricos y marginar los modos de turismo popular. Los campings cedieron terreno. Curiosamente, el pasado verano, los campings alcanzaron resultados hist\u00f3ricos. Si no crecen los sueldos, resucita el camping, que m\u00e1s all\u00e1 de una forma de alojamiento, es un estilo de vida.<\/p>\n\n\n\n<p>A Zapico le preocupan las autocaravanas. Hace excursiones en bicicleta y en todos los sitios encuentra muchas autocaravanas, \u00aben una pista o en una campera encima de un acantilado\u00bb. Dejemos a un lado las vivencias personales. En Espa\u00f1a hay unas 1.200 \u00e1reas de servicio para las autocaravanas. Menos de la s\u00e9ptima parte que en Francia, la sexta parte que en Alemania y la quinta que en Italia. Zapico quiere regular (limitar, prohibir) el uso de autocaravanas, cuando lo que hace falta es construir \u00e1reas de servicio para ellas. En Espa\u00f1a, el &#8216;autocaravanismo&#8217; y el surf son las dos actividades al aire libre que ganan m\u00e1s adeptos. Ninguna regulaci\u00f3n podr\u00e1 con ellas. Por cierto, las autocaravanas y los campings forman pareja. Desde las ventanas de los hoteles los observan con recelo.<\/p>\n<!-- AddThis Advanced Settings generic via filter on the_content --><!-- AddThis Share Buttons generic via filter on the_content -->","protected":false},"excerpt":{"rendered":"<p>Reuni\u00f3n informal entre el consejero de Ordenaci\u00f3n del Territorio, Urbanismo, Vivienda y Derechos Sociales, Ovidio Zapico, y Francisco Gonz\u00e1lez Buend\u00eda, que hace 25 a\u00f1os fue el responsable de la ordenaci\u00f3n del territorio en el Principado: cuatro a\u00f1os de director general y otros ocho como consejero; posteriormente, fue durante cuatro a\u00f1os director general de urbanismo en [&hellip;]<!-- AddThis Advanced Settings generic via filter on get_the_excerpt --><!-- AddThis Share Buttons generic via filter on get_the_excerpt --><\/p>\n","protected":false},"author":2,"featured_media":0,"comment_status":"open","ping_status":"open","sticky":false,"template":"","format":"standard","meta":[],"categories":[1],"tags":[],"_links":{"self":[{"href":"https:\/\/blogs.elcomercio.es\/largo_de_cafe\/wp-json\/wp\/v2\/posts\/11539"}],"collection":[{"href":"https:\/\/blogs.elcomercio.es\/largo_de_cafe\/wp-json\/wp\/v2\/posts"}],"about":[{"href":"https:\/\/blogs.elcomercio.es\/largo_de_cafe\/wp-json\/wp\/v2\/types\/post"}],"author":[{"embeddable":true,"href":"https:\/\/blogs.elcomercio.es\/largo_de_cafe\/wp-json\/wp\/v2\/users\/2"}],"replies":[{"embeddable":true,"href":"https:\/\/blogs.elcomercio.es\/largo_de_cafe\/wp-json\/wp\/v2\/comments?post=11539"}],"version-history":[{"count":1,"href":"https:\/\/blogs.elcomercio.es\/largo_de_cafe\/wp-json\/wp\/v2\/posts\/11539\/revisions"}],"predecessor-version":[{"id":11540,"href":"https:\/\/blogs.elcomercio.es\/largo_de_cafe\/wp-json\/wp\/v2\/posts\/11539\/revisions\/11540"}],"wp:attachment":[{"href":"https:\/\/blogs.elcomercio.es\/largo_de_cafe\/wp-json\/wp\/v2\/media?parent=11539"}],"wp:term":[{"taxonomy":"category","embeddable":true,"href":"https:\/\/blogs.elcomercio.es\/largo_de_cafe\/wp-json\/wp\/v2\/categories?post=11539"},{"taxonomy":"post_tag","embeddable":true,"href":"https:\/\/blogs.elcomercio.es\/largo_de_cafe\/wp-json\/wp\/v2\/tags?post=11539"}],"curies":[{"name":"wp","href":"https:\/\/api.w.org\/{rel}","templated":true}]}}