{"id":11542,"date":"2026-03-09T00:13:18","date_gmt":"2026-03-08T23:13:18","guid":{"rendered":"https:\/\/blogs.elcomercio.es\/largo_de_cafe\/?p=11542"},"modified":"2026-03-09T00:13:58","modified_gmt":"2026-03-08T23:13:58","slug":"la-clave-esta-en-la-gestion","status":"publish","type":"post","link":"https:\/\/blogs.elcomercio.es\/largo_de_cafe\/2026\/03\/09\/la-clave-esta-en-la-gestion\/","title":{"rendered":"LA CLAVE EST\u00c1 EN LA GESTI\u00d3N"},"content":{"rendered":"\n<p>Acostumbrados a debates sobre asuntos tangenciales, esta semana quedamos gratamente sorprendidos porque se discuti\u00f3 sobre la gesti\u00f3n de la Dependencia y la ejecuci\u00f3n de las inversiones presupuestarias. El primer asunto se dilucid\u00f3 en el formato del \u00abcara a cara\u00bb entre el presidente del Principado y el l\u00edder de la oposici\u00f3n, y el segundo se sustanci\u00f3 en dos ruedas de prensa consecutivas, la primera convocada por \u00c1lvaro Queipo y la segunda, a modo de respuesta, por Guillermo Pel\u00e1ez.<\/p>\n\n\n\n<p>La cuesti\u00f3n de la Dependencia siempre fue una carga muy pesada para el Principado. En el Observatorio Estatal para la Dependencia, al finalizar el a\u00f1o 2011, Asturias recib\u00eda de nota un 2,5 mientras que Castilla y Le\u00f3n y el Pa\u00eds Vasco alcanzaban los primeros sobresalientes (yo les hubiera dado la matr\u00edcula de honor porque hab\u00edan sacado un 10 sobre 10). S\u00f3lo Canarias y Valencia hab\u00edan salido peor paradas que Asturias. En aquella \u00e9poca me impresionaron las diferencias.<\/p>\n\n\n\n<p><strong>Listas<\/strong><br>En los \u00faltimos diez a\u00f1os, el avance del envejecimiento dispar\u00f3 la demanda y las listas de espera y el tiempo de tramitaci\u00f3n aumentaron hasta crear malestar entre los aspirantes a recibir prestaciones y sus familias. Hay una realidad muy significativa: Asturias tiene un porcentaje alto de autofinanciaci\u00f3n en la Dependencia, pero el sistema roza el colapso, luego el fallo est\u00e1 en la gesti\u00f3n.<\/p>\n\n\n\n<p>Queipo ley\u00f3 las cifras que facilitan el diagn\u00f3stico: 7.500 expedientes de Dependencia pendientes, 5.500 solicitudes iniciales sin resolver y la espera, de media, alcanza los 450 d\u00edas. Y sentenci\u00f3: \u00abHan triplicado el plazo m\u00e1ximo legal. Lo que est\u00e1 haciendo su gobierno es condenar a los m\u00e1s vulnerables\u00bb.<\/p>\n\n\n\n<p>Al final se refiri\u00f3 al tema m\u00e1s candente, la transferencia de parte de la gesti\u00f3n de la Dependencia a los consistorios, aportando financiaci\u00f3n el Principado. Los ayuntamientos m\u00e1s grandes se niegan a realizar una tarea que corresponde a las comunidades aut\u00f3nomas.<\/p>\n\n\n\n<p>No entro a valorar si la propuesta de Marta del Arco es correcta o equivocada, pero lo que revela, de forma indudable, es que la Consejer\u00eda de Derechos Sociales y Bienestar est\u00e1 sobrepasada por la gesti\u00f3n de la Dependencia. Queipo pidi\u00f3 el cese de la consejera Marta del Arco.<\/p>\n\n\n\n<p>Barb\u00f3n no ten\u00eda f\u00e1cil la defensa de la gesti\u00f3n de la Dependencia y, como primer argumento, sac\u00f3 a relucir la pandemia y sus secuelas. Transcurridos seis a\u00f1os, la pandemia es objeto de estudio desde otras perspectivas, pero en la cuesti\u00f3n del acceso a los centros de d\u00eda y los geri\u00e1tricos carece de protagonismo.<\/p>\n\n\n\n<p><strong>Guerra<\/strong><br>Reproch\u00f3 a Queipo que no hubiera utilizado su turno para denunciar la actuaci\u00f3n de Israel y Estados Unidos. Luego retrocedi\u00f3 hasta 2003 para recordar la guerra de Irak y la participaci\u00f3n de Espa\u00f1a (se le olvid\u00f3 decir que la misi\u00f3n de la Brigada Plus Ultra, con 1.300 efectivos, era \u00abuna misi\u00f3n de estabilizaci\u00f3n, ayuda humanitaria, seguridad y reconstrucci\u00f3n\u00bb. Una funci\u00f3n tan defensiva como la que va a desempe\u00f1ar, ahora, la fragata Crist\u00f3bal Col\u00f3n). En fin, como es bien conocido, no permitas que la verdad te estropee la pancarta.<\/p>\n\n\n\n<p>El presidente no defendi\u00f3 a la consejera ni aport\u00f3 pistas que permitan suponer que la gesti\u00f3n se va a agilizar en el medio plazo. El tal\u00f3n de Aquiles de la Dependencia asturiana son las listas de espera en las valoraciones y en recibir las prestaciones. Si no sirve la amenaza electoral para mejorar la gesti\u00f3n, ser\u00e1 que no tiene remedio.<\/p>\n\n\n\n<p>Veinticuatro horas m\u00e1s tarde, Queipo convoc\u00f3 una rueda de prensa para anunciar que el Gobierno de Barb\u00f3n ha dejado sin invertir 1.300 millones que estaban presupuestados en lo que va de mandato.<\/p>\n\n\n\n<p>En el \u00faltimo ejercicio, 2025, la ejecuci\u00f3n de las inversiones se hab\u00eda quedado en el 56%. La falta de pulso en la gesti\u00f3n del presupuesto habr\u00eda llevado a que 466 millones quedar\u00e1n varados en un rengl\u00f3n de las cuentas regionales.<\/p>\n\n\n\n<p><strong>Suspensos<\/strong><br>Puestos a se\u00f1alar a las consejer\u00edas que dejan m\u00e1s recursos inmovilizados, cit\u00f3 en primer lugar a la Consejer\u00eda de Ordenaci\u00f3n del Territorio, Urbanismo, Vivienda y Derechos Ciudadanos, cuyo titular es Ovidio Zapico, l\u00edder de IU. S\u00f3lo gast\u00f3 el 33% del dinero que ten\u00eda asignado. Aunque la vivienda es la gran prioridad del personal en las encuestas, el equipo de IU dej\u00f3 cien millones de euros sin destino.<\/p>\n\n\n\n<p>Como habr\u00e1 adivinado cualquier persona que haya le\u00eddo la primera parte de este art\u00edculo, la segunda consejer\u00eda en dejar los recursos sin gastar fue la Consejer\u00eda de Derechos Sociales y Bienestar, que tiene en Marta del Arco, su primera responsable. Un ejemplo: de todas las inversiones previstas para los Establecimientos Residenciales de Ancianos (ERA), el 94% no se gastaron. Sin comentarios.<\/p>\n\n\n\n<p>Guillermo Pel\u00e1ez convoc\u00f3 una rueda de prensa de r\u00e9plica. Acus\u00f3 a Queipo de \u00abconfundir cifras, fases presupuestarias y conceptos\u00bb. Como cuesti\u00f3n principal adujo que Queipo analiza con los fondos europeos extraordinarios incluidos en el presupuesto, y el Principado no los incluye porque se pueden consumir en varios a\u00f1os. La realidad es que el tiempo para gastar los fondos del Mecanismo de Recuperaci\u00f3n y Resiliencia (MRR) se agota y Espa\u00f1a va en cuarto lugar por la cola en gastar fondos asignados. Al final, la cifra real ser\u00e1 muy inferior a la esperada. Hay que volver sobre este asunto para clarificarlo.<\/p>\n<!-- AddThis Advanced Settings generic via filter on the_content --><!-- AddThis Share Buttons generic via filter on the_content -->","protected":false},"excerpt":{"rendered":"<p>Acostumbrados a debates sobre asuntos tangenciales, esta semana quedamos gratamente sorprendidos porque se discuti\u00f3 sobre la gesti\u00f3n de la Dependencia y la ejecuci\u00f3n de las inversiones presupuestarias. El primer asunto se dilucid\u00f3 en el formato del \u00abcara a cara\u00bb entre el presidente del Principado y el l\u00edder de la oposici\u00f3n, y el segundo se sustanci\u00f3 [&hellip;]<!-- AddThis Advanced Settings generic via filter on get_the_excerpt --><!-- AddThis Share Buttons generic via filter on get_the_excerpt --><\/p>\n","protected":false},"author":2,"featured_media":0,"comment_status":"open","ping_status":"open","sticky":false,"template":"","format":"standard","meta":[],"categories":[1],"tags":[],"_links":{"self":[{"href":"https:\/\/blogs.elcomercio.es\/largo_de_cafe\/wp-json\/wp\/v2\/posts\/11542"}],"collection":[{"href":"https:\/\/blogs.elcomercio.es\/largo_de_cafe\/wp-json\/wp\/v2\/posts"}],"about":[{"href":"https:\/\/blogs.elcomercio.es\/largo_de_cafe\/wp-json\/wp\/v2\/types\/post"}],"author":[{"embeddable":true,"href":"https:\/\/blogs.elcomercio.es\/largo_de_cafe\/wp-json\/wp\/v2\/users\/2"}],"replies":[{"embeddable":true,"href":"https:\/\/blogs.elcomercio.es\/largo_de_cafe\/wp-json\/wp\/v2\/comments?post=11542"}],"version-history":[{"count":2,"href":"https:\/\/blogs.elcomercio.es\/largo_de_cafe\/wp-json\/wp\/v2\/posts\/11542\/revisions"}],"predecessor-version":[{"id":11544,"href":"https:\/\/blogs.elcomercio.es\/largo_de_cafe\/wp-json\/wp\/v2\/posts\/11542\/revisions\/11544"}],"wp:attachment":[{"href":"https:\/\/blogs.elcomercio.es\/largo_de_cafe\/wp-json\/wp\/v2\/media?parent=11542"}],"wp:term":[{"taxonomy":"category","embeddable":true,"href":"https:\/\/blogs.elcomercio.es\/largo_de_cafe\/wp-json\/wp\/v2\/categories?post=11542"},{"taxonomy":"post_tag","embeddable":true,"href":"https:\/\/blogs.elcomercio.es\/largo_de_cafe\/wp-json\/wp\/v2\/tags?post=11542"}],"curies":[{"name":"wp","href":"https:\/\/api.w.org\/{rel}","templated":true}]}}