{"id":11546,"date":"2026-03-10T00:47:37","date_gmt":"2026-03-09T23:47:37","guid":{"rendered":"https:\/\/blogs.elcomercio.es\/largo_de_cafe\/?p=11546"},"modified":"2026-03-10T00:47:39","modified_gmt":"2026-03-09T23:47:39","slug":"cuarenta-anos","status":"publish","type":"post","link":"https:\/\/blogs.elcomercio.es\/largo_de_cafe\/2026\/03\/10\/cuarenta-anos\/","title":{"rendered":"CUARENTA A\u00d1OS"},"content":{"rendered":"\n<p>El pr\u00f3ximo jueves se cumplir\u00e1n cuarenta a\u00f1os del refer\u00e9ndum sobre la permanencia de Espa\u00f1a en la Organizaci\u00f3n del Tratado del Atl\u00e1ntico Norte (OTAN). La consulta fue distinta a todas las habidas desde la guerra civil hasta el presente. Franco convoc\u00f3 dos refrendos que no cumpl\u00edan las condiciones exigibles a una consulta democr\u00e1tica. Junto a la falta de libertades, hab\u00eda un hecho decisorio: el escrutinio estaba ama\u00f1ado y los s\u00edes superaron de largo el 90%. Posteriormente, en 1976, hubo un refer\u00e9ndum sobre la Reforma Pol\u00edtica de Adolfo Su\u00e1rez, donde la izquierda pidi\u00f3 la abstenci\u00f3n, facilitando el triunfo al Gobierno. En 1978, la consulta para aprobar la Constituci\u00f3n fue plenamente democr\u00e1tica, pero carec\u00eda de alternativa. Rechazar la Constituci\u00f3n era lo mismo que apostar por el vac\u00edo legal.<\/p>\n\n\n\n<p>En el refer\u00e9ndum sobre la OTAN s\u00ed hab\u00eda dos alternativas viables. A favor de la permanencia estaba el gobierno de Felipe Gonz\u00e1lez, que gozaba de la mayor\u00eda absoluta m\u00e1s holgada que hayamos visto en los cincuenta a\u00f1os de democracia (202 diputados), los partidos de centro, como el CDS, y el nacionalismo moderado del PNV. CiU jug\u00f3 con dos barajas, la c\u00fapula dando a entender que votar\u00eda \u00abs\u00ed\u00bb y las bases hac\u00edan campa\u00f1a a favor del \u00abno\u00bb. Lo m\u00e1s inexplicable fue la posici\u00f3n de Coalici\u00f3n Democr\u00e1tica (Alianza Popular y afines) que optaron por la abstenci\u00f3n, como forma de castigo al Gobierno, pese a que eran entusiastas atlantistas.<\/p>\n\n\n\n<p>El \u00abno\u00bb lo defend\u00eda el Partido Comunista, junto con los peque\u00f1os grupos izquierdistas y sindicatos como CC OO. M\u00e1s que organizaciones, tras el \u00abno\u00bb hab\u00eda una corriente social, agrupada en torno a la Plataforma C\u00edvica para la Salida de Espa\u00f1a de la OTAN, liderada por el escritor, Antonio Gala. Como los colectivos tambi\u00e9n tienen subconsciente, el movimiento social era una forma de rechazo al modelo de transici\u00f3n que hab\u00eda triunfado, tras renunciar a la ruptura demandada a la muerte de Franco.<\/p>\n\n\n\n<p>La pregunta del refer\u00e9ndum da para veinte columnas por su atrevimiento y escasa neutralidad. OTAN no aparec\u00eda en la papeleta, aunque era el sujeto de la discordia. En el texto se aseguraba que Espa\u00f1a no entrar\u00eda en la estructura militar de OTAN, no habr\u00eda armas nucleares en el territorio y la presencia militar de EE.UU. se reducir\u00eda. Y la pregunta: \u00bfconsidera conveniente para Espa\u00f1a permanecer en la Alianza Atl\u00e1ntica? Gan\u00f3 el \u00abs\u00ed\u00bb y hoy resulta evidente que Espa\u00f1a no pod\u00eda permitirse el lujo de decir \u00abno\u00bb. No somos Suiza. La OTAN es un paraguas, sobre todo en el siglo XXI.<\/p>\n<!-- AddThis Advanced Settings generic via filter on the_content --><!-- AddThis Share Buttons generic via filter on the_content -->","protected":false},"excerpt":{"rendered":"<p>El pr\u00f3ximo jueves se cumplir\u00e1n cuarenta a\u00f1os del refer\u00e9ndum sobre la permanencia de Espa\u00f1a en la Organizaci\u00f3n del Tratado del Atl\u00e1ntico Norte (OTAN). La consulta fue distinta a todas las habidas desde la guerra civil hasta el presente. Franco convoc\u00f3 dos refrendos que no cumpl\u00edan las condiciones exigibles a una consulta democr\u00e1tica. Junto a la [&hellip;]<!-- AddThis Advanced Settings generic via filter on get_the_excerpt --><!-- AddThis Share Buttons generic via filter on get_the_excerpt --><\/p>\n","protected":false},"author":2,"featured_media":0,"comment_status":"open","ping_status":"open","sticky":false,"template":"","format":"standard","meta":[],"categories":[1],"tags":[],"_links":{"self":[{"href":"https:\/\/blogs.elcomercio.es\/largo_de_cafe\/wp-json\/wp\/v2\/posts\/11546"}],"collection":[{"href":"https:\/\/blogs.elcomercio.es\/largo_de_cafe\/wp-json\/wp\/v2\/posts"}],"about":[{"href":"https:\/\/blogs.elcomercio.es\/largo_de_cafe\/wp-json\/wp\/v2\/types\/post"}],"author":[{"embeddable":true,"href":"https:\/\/blogs.elcomercio.es\/largo_de_cafe\/wp-json\/wp\/v2\/users\/2"}],"replies":[{"embeddable":true,"href":"https:\/\/blogs.elcomercio.es\/largo_de_cafe\/wp-json\/wp\/v2\/comments?post=11546"}],"version-history":[{"count":1,"href":"https:\/\/blogs.elcomercio.es\/largo_de_cafe\/wp-json\/wp\/v2\/posts\/11546\/revisions"}],"predecessor-version":[{"id":11547,"href":"https:\/\/blogs.elcomercio.es\/largo_de_cafe\/wp-json\/wp\/v2\/posts\/11546\/revisions\/11547"}],"wp:attachment":[{"href":"https:\/\/blogs.elcomercio.es\/largo_de_cafe\/wp-json\/wp\/v2\/media?parent=11546"}],"wp:term":[{"taxonomy":"category","embeddable":true,"href":"https:\/\/blogs.elcomercio.es\/largo_de_cafe\/wp-json\/wp\/v2\/categories?post=11546"},{"taxonomy":"post_tag","embeddable":true,"href":"https:\/\/blogs.elcomercio.es\/largo_de_cafe\/wp-json\/wp\/v2\/tags?post=11546"}],"curies":[{"name":"wp","href":"https:\/\/api.w.org\/{rel}","templated":true}]}}