{"id":11548,"date":"2026-03-10T22:21:47","date_gmt":"2026-03-10T21:21:47","guid":{"rendered":"https:\/\/blogs.elcomercio.es\/largo_de_cafe\/?p=11548"},"modified":"2026-03-10T22:21:47","modified_gmt":"2026-03-10T21:21:47","slug":"comedia-secreta","status":"publish","type":"post","link":"https:\/\/blogs.elcomercio.es\/largo_de_cafe\/2026\/03\/10\/comedia-secreta\/","title":{"rendered":"COMEDIA SECRETA"},"content":{"rendered":"\n<p>Reuni\u00f3n al m\u00e1s alto nivel de los socios del Gobierno regional (PSOE, IU) en alg\u00fan lugar de Asturias. Sin informaci\u00f3n. S\u00f3lo consta que los l\u00edderes&nbsp;ten\u00edan las agendas en blanco. El encuentro lo hab\u00eda solicitado IU hace tres semanas, con car\u00e1cter urgente. En el Principado la urgencia equivale a esperar veinti\u00fan d\u00edas. El motivo de una cita tan importante fue \u00abla gravedad de las decisiones adoptadas en el Gobierno\u00bb. Las decisiones son dos: el visto bueno a la ubicaci\u00f3n de centros adscritos a universidades privadas (Oviedo y Avil\u00e9s, tambi\u00e9n est\u00e1 previsto otro en Gij\u00f3n) y la declaraci\u00f3n de inter\u00e9s estrat\u00e9gico para Costco, superficie comercial que se va a instalar en el concejo de Siero.<\/p>\n\n\n\n<p>Ovidio Zapico, coordinador general de IU y miembro del Ejectuvio, ha afirmado que vot\u00f3 en contra de esos proyectos en el Consejo de Gobierno, aunque es m\u00e1s que dudoso que haya habido ni siquiera un simulacro de votaci\u00f3n. Lo cierto, y m\u00e1s importante, es que IU ha presentado un recurso contencioso administrativo ante el Tribunal Superior de Justicia de Asturias (TSJA) contra la implantaci\u00f3n de los centros adscritos. En cualquier gobierno de coalici\u00f3n una iniciativa legal de un socio contra las decisiones del gobierno supone la ruptura de la coalici\u00f3n. Los socialistas no le han dado excesiva importancia al contencioso presentado por IU, limit\u00e1ndose a hacer veladas amenazas sobre las consecuencias que tendr\u00eda seguir con el procedimiento. Supongo que dan por hecho que IU s\u00f3lo utiliza munici\u00f3n de fogueo.<\/p>\n\n\n\n<p>Dados los esfuerzos que ha hecho IU para encaramarse al Gobierno me parece impensable que fuerce su ruptura; faltando catorce meses para las elecciones ser\u00eda una jugada suicida. En el campo de la derecha esa estrategia le puede valer a Vox y, de hecho, la hace, porque cada mes que pasa las encuestas le son m\u00e1s favorables. IU no est\u00e1 en esa situaci\u00f3n. Su estrategia es la de unirse, juntarse, tanto en candidaturas electorales, como en \u00f3rganos de gobierno, cuando tiene ocasi\u00f3n. Barb\u00f3n les permite exhibir sus actuaciones en el campo de la vivienda (promoci\u00f3n y construcci\u00f3n de vivienda p\u00fablica, programa Alquil\u00e1moste). Lo que tiene que entender IU es que en cuestiones que no son de su competencia no puede alzar vetos, porque no tiene ni la sexta parte de esca\u00f1os que el PSOE.<\/p>\n\n\n\n<p>A \u00faltima hora se sabr\u00e1 algo porque el Gobierno de coalici\u00f3n pende de un hilo que se llama Comisi\u00f3n Colegiada de IU (todas las comisiones con tres o m\u00e1s miembros son colegiadas), que hoy tiene la \u00faltima palabra \u00bfAlguien se cree esta comedia?<\/p>\n<!-- AddThis Advanced Settings generic via filter on the_content --><!-- AddThis Share Buttons generic via filter on the_content -->","protected":false},"excerpt":{"rendered":"<p>Reuni\u00f3n al m\u00e1s alto nivel de los socios del Gobierno regional (PSOE, IU) en alg\u00fan lugar de Asturias. Sin informaci\u00f3n. S\u00f3lo consta que los l\u00edderes&nbsp;ten\u00edan las agendas en blanco. El encuentro lo hab\u00eda solicitado IU hace tres semanas, con car\u00e1cter urgente. En el Principado la urgencia equivale a esperar veinti\u00fan d\u00edas. El motivo de una [&hellip;]<!-- AddThis Advanced Settings generic via filter on get_the_excerpt --><!-- AddThis Share Buttons generic via filter on get_the_excerpt --><\/p>\n","protected":false},"author":2,"featured_media":0,"comment_status":"open","ping_status":"open","sticky":false,"template":"","format":"standard","meta":[],"categories":[1],"tags":[],"_links":{"self":[{"href":"https:\/\/blogs.elcomercio.es\/largo_de_cafe\/wp-json\/wp\/v2\/posts\/11548"}],"collection":[{"href":"https:\/\/blogs.elcomercio.es\/largo_de_cafe\/wp-json\/wp\/v2\/posts"}],"about":[{"href":"https:\/\/blogs.elcomercio.es\/largo_de_cafe\/wp-json\/wp\/v2\/types\/post"}],"author":[{"embeddable":true,"href":"https:\/\/blogs.elcomercio.es\/largo_de_cafe\/wp-json\/wp\/v2\/users\/2"}],"replies":[{"embeddable":true,"href":"https:\/\/blogs.elcomercio.es\/largo_de_cafe\/wp-json\/wp\/v2\/comments?post=11548"}],"version-history":[{"count":1,"href":"https:\/\/blogs.elcomercio.es\/largo_de_cafe\/wp-json\/wp\/v2\/posts\/11548\/revisions"}],"predecessor-version":[{"id":11549,"href":"https:\/\/blogs.elcomercio.es\/largo_de_cafe\/wp-json\/wp\/v2\/posts\/11548\/revisions\/11549"}],"wp:attachment":[{"href":"https:\/\/blogs.elcomercio.es\/largo_de_cafe\/wp-json\/wp\/v2\/media?parent=11548"}],"wp:term":[{"taxonomy":"category","embeddable":true,"href":"https:\/\/blogs.elcomercio.es\/largo_de_cafe\/wp-json\/wp\/v2\/categories?post=11548"},{"taxonomy":"post_tag","embeddable":true,"href":"https:\/\/blogs.elcomercio.es\/largo_de_cafe\/wp-json\/wp\/v2\/tags?post=11548"}],"curies":[{"name":"wp","href":"https:\/\/api.w.org\/{rel}","templated":true}]}}