{"id":11550,"date":"2026-03-11T22:56:59","date_gmt":"2026-03-11T21:56:59","guid":{"rendered":"https:\/\/blogs.elcomercio.es\/largo_de_cafe\/?p=11550"},"modified":"2026-03-11T22:56:59","modified_gmt":"2026-03-11T21:56:59","slug":"mas-dosis-de-inmovilismo","status":"publish","type":"post","link":"https:\/\/blogs.elcomercio.es\/largo_de_cafe\/2026\/03\/11\/mas-dosis-de-inmovilismo\/","title":{"rendered":"M\u00c1S DOSIS DE INMOVILISMO"},"content":{"rendered":"\n<p>La reuni\u00f3n del PSOE e IU, solicitada de urgencia por el socio minoritario, se ha saldado sin tratar uno de los dos asuntos conflictivos que hab\u00eda y cerrando el otro con buenas palabras sin contenidos concretos. A IU le bastaba con que el PSOE se aviniera a celebrar la reuni\u00f3n, evitara las discrepancias, mostrara esp\u00edritu constructivo y permitiera al \u00f3rgano de direcci\u00f3n de IU (la colegiada) decir la \u00faltima palabra. La colegiada sentencia veinticuatro horas m\u00e1s tarde, como si fuera un tribunal de casaci\u00f3n. As\u00ed es la comedia.<\/p>\n\n\n\n<p>La parte del conflicto que es real se puede reproducir en cualquier momento ya que no se quiso entrar en el fondo del asunto que es la aberraci\u00f3n en que incurre IU al participar en el Gobierno y, a la vez, llevar ante la Justicia al propio Gobierno por toma decisiones que a IU no le convencen. En la cumbre del bipartito (PSOE, IU) se obviaron las quejas de IU por conceder el estatus de proyecto de inter\u00e9s estrat\u00e9gico a la superficie comercial Costco. No se trat\u00f3 el asunto. Como ya no tiene remedio, mejor dejarlo guardado en el caj\u00f3n hasta que aparezca otra empresa que por su actividad, o por el lugar donde se quiera ubicar, provoque las iras de IU. Costco les val\u00eda en Mieres, pero no en Siero.<\/p>\n\n\n\n<p>La discrepancia objetiva que hab\u00eda que amortiguar era el visto bueno del Gobierno a la llegada de las universidades privadas (centros adscritos) a Gij\u00f3n, Oviedo y Avil\u00e9s. Ovidio Zapico, coordinador general de IU y miembro del Gobierno de coalici\u00f3n, hab\u00eda llevado esa decisi\u00f3n al Tribunal Superior de Justicia de Asturias (TSJA); una iniciativa sin precedentes en los doce a\u00f1os de gobiernos bipartitos en la etapa auton\u00f3mica.<\/p>\n\n\n\n<p>Como el encuentro era pura escenificaci\u00f3n, esquivando los arrecifes, los dos partidos acordaron impulsar una nueva ley de universidad para limitar o reducir la capacidad de actuaci\u00f3n de las universidades privadas. En el 2026 se espera que haya m\u00e1s universidades privadas que p\u00fablicas, destacando Asturias como la \u00fanica regi\u00f3n donde la ense\u00f1anza superior s\u00f3lo es de car\u00e1cter p\u00fablico. El hilo conductor de nuestros gobiernos auton\u00f3micos es la defensa de lo p\u00fablico, ech\u00e1ndole abono a todo tipo de iniciativa estatal, auton\u00f3mica o local, mientras muestran recelo, cuando no destilan hostilidad, hacia la empresa privada.<\/p>\n\n\n\n<p>El acuerdo del PSOE e IU para hacer una nueva ley sobre la universidad no pasa de ser una patada p&#8217;alante hasta que en la pr\u00f3xima legislatura resurja el conflicto. Veremos si las vigas maestras de la regi\u00f3n soportan m\u00e1s dosis de inmovilismo.<\/p>\n<!-- AddThis Advanced Settings generic via filter on the_content --><!-- AddThis Share Buttons generic via filter on the_content -->","protected":false},"excerpt":{"rendered":"<p>La reuni\u00f3n del PSOE e IU, solicitada de urgencia por el socio minoritario, se ha saldado sin tratar uno de los dos asuntos conflictivos que hab\u00eda y cerrando el otro con buenas palabras sin contenidos concretos. A IU le bastaba con que el PSOE se aviniera a celebrar la reuni\u00f3n, evitara las discrepancias, mostrara esp\u00edritu [&hellip;]<!-- AddThis Advanced Settings generic via filter on get_the_excerpt --><!-- AddThis Share Buttons generic via filter on get_the_excerpt --><\/p>\n","protected":false},"author":2,"featured_media":0,"comment_status":"open","ping_status":"open","sticky":false,"template":"","format":"standard","meta":[],"categories":[1],"tags":[],"_links":{"self":[{"href":"https:\/\/blogs.elcomercio.es\/largo_de_cafe\/wp-json\/wp\/v2\/posts\/11550"}],"collection":[{"href":"https:\/\/blogs.elcomercio.es\/largo_de_cafe\/wp-json\/wp\/v2\/posts"}],"about":[{"href":"https:\/\/blogs.elcomercio.es\/largo_de_cafe\/wp-json\/wp\/v2\/types\/post"}],"author":[{"embeddable":true,"href":"https:\/\/blogs.elcomercio.es\/largo_de_cafe\/wp-json\/wp\/v2\/users\/2"}],"replies":[{"embeddable":true,"href":"https:\/\/blogs.elcomercio.es\/largo_de_cafe\/wp-json\/wp\/v2\/comments?post=11550"}],"version-history":[{"count":1,"href":"https:\/\/blogs.elcomercio.es\/largo_de_cafe\/wp-json\/wp\/v2\/posts\/11550\/revisions"}],"predecessor-version":[{"id":11551,"href":"https:\/\/blogs.elcomercio.es\/largo_de_cafe\/wp-json\/wp\/v2\/posts\/11550\/revisions\/11551"}],"wp:attachment":[{"href":"https:\/\/blogs.elcomercio.es\/largo_de_cafe\/wp-json\/wp\/v2\/media?parent=11550"}],"wp:term":[{"taxonomy":"category","embeddable":true,"href":"https:\/\/blogs.elcomercio.es\/largo_de_cafe\/wp-json\/wp\/v2\/categories?post=11550"},{"taxonomy":"post_tag","embeddable":true,"href":"https:\/\/blogs.elcomercio.es\/largo_de_cafe\/wp-json\/wp\/v2\/tags?post=11550"}],"curies":[{"name":"wp","href":"https:\/\/api.w.org\/{rel}","templated":true}]}}