{"id":11552,"date":"2026-03-12T23:42:33","date_gmt":"2026-03-12T22:42:33","guid":{"rendered":"https:\/\/blogs.elcomercio.es\/largo_de_cafe\/?p=11552"},"modified":"2026-03-12T23:42:34","modified_gmt":"2026-03-12T22:42:34","slug":"publica-y-privadas","status":"publish","type":"post","link":"https:\/\/blogs.elcomercio.es\/largo_de_cafe\/2026\/03\/12\/publica-y-privadas\/","title":{"rendered":"P\u00daBLICA Y PRIVADAS"},"content":{"rendered":"\n<p>El acuerdo alcanzado por los dos socios del Gobierno regional ha sido motivo de valoraci\u00f3n por parte del rector de la Universidad de Oviedo. Pese a que hab\u00eda m\u00e1s cuestiones conflictivas entre los dos partidos de la izquierda, el \u00fanico asunto que, al final, trataron fue la implantaci\u00f3n de centros universitarios privados en la comunidad aut\u00f3noma. De ello habl\u00f3 Ignacio Villaverde.<\/p>\n\n\n\n<p>PSOE e IU pretenden aprobar una ley que detalle los requisitos que se van a exigir a las universidades privadas. El rector considera que el margen de los gobiernos regionales para impedir la actividad de los centros privados \u00abtiende a cero\u00bb. No ten\u00eda una opini\u00f3n tan contundente el rector cuando la Universidad Europea anunci\u00f3 su deseo de tener un centro en Gij\u00f3n. Fue la primera universidad privada que dio a conocer sus planes. Entonces se dejaba entrever que el Principado ten\u00eda competencias para aprobarlo o impedirlo. El rector, como jurista que es, habr\u00e1 analizado a fondo la cuesti\u00f3n y descarta la opci\u00f3n del veto. Lo \u00fanico que concede el rector al Principado es la posibilidad de regular los procedimientos, porque el resto es de competencia estatal. En cualquier caso, la hipot\u00e9tica ley solo afectar\u00eda a nuevos proyectos universitarios.<\/p>\n\n\n\n<p>Villaverde realiz\u00f3 dos peticiones. La primera: poner en valor a la universidad p\u00fablica. Una petici\u00f3n llamativa, porque es dif\u00edcil mejorar la valoraci\u00f3n que tiene el conjunto de la regi\u00f3n sobre la Universidad de Oviedo. Sobre todo, el respeto que siempre acompa\u00f1\u00f3 a cualquier referencia p\u00fablica hacia el alma mater. Esa actitud procede de ser con mucho la instituci\u00f3n civil m\u00e1s longeva: 418 a\u00f1os de ense\u00f1anzas ininterrumpidas. El rector acompa\u00f1a la exigencia de puesta en valor con una observaci\u00f3n puntillosa: \u00abPara dar la bienvenida a las privadas no hace falta hablar de la p\u00fablica\u00bb. Cualquier agente p\u00fablico o persona privada es muy libre de hablar o comparar p\u00fablicas y privadas, pero es precisamente el rector qui\u00e9n m\u00e1s veces relaciona y compara unas con otras.<\/p>\n\n\n\n<p>La segunda petici\u00f3n al Principado son los est\u00e1ndares de calidad, que deben ser tan exigentes para las privadas como para la p\u00fablica. En Asturias ser\u00e1n instituciones asim\u00e9tricas, al menos durante los primeros a\u00f1os, porque la p\u00fablica tiene multitud de titulaciones y m\u00e1s de dos mil profesores; el tama\u00f1o de las privadas es mucho m\u00e1s reducido. Pese a esa diferencia, al equipo rectoral teme que las privadas le resten matr\u00edculas. En caso contrario no har\u00edan alegaciones al procedimiento de implantaci\u00f3n.<\/p>\n<!-- AddThis Advanced Settings generic via filter on the_content --><!-- AddThis Share Buttons generic via filter on the_content -->","protected":false},"excerpt":{"rendered":"<p>El acuerdo alcanzado por los dos socios del Gobierno regional ha sido motivo de valoraci\u00f3n por parte del rector de la Universidad de Oviedo. Pese a que hab\u00eda m\u00e1s cuestiones conflictivas entre los dos partidos de la izquierda, el \u00fanico asunto que, al final, trataron fue la implantaci\u00f3n de centros universitarios privados en la comunidad [&hellip;]<!-- AddThis Advanced Settings generic via filter on get_the_excerpt --><!-- AddThis Share Buttons generic via filter on get_the_excerpt --><\/p>\n","protected":false},"author":2,"featured_media":0,"comment_status":"open","ping_status":"open","sticky":false,"template":"","format":"standard","meta":[],"categories":[1],"tags":[],"_links":{"self":[{"href":"https:\/\/blogs.elcomercio.es\/largo_de_cafe\/wp-json\/wp\/v2\/posts\/11552"}],"collection":[{"href":"https:\/\/blogs.elcomercio.es\/largo_de_cafe\/wp-json\/wp\/v2\/posts"}],"about":[{"href":"https:\/\/blogs.elcomercio.es\/largo_de_cafe\/wp-json\/wp\/v2\/types\/post"}],"author":[{"embeddable":true,"href":"https:\/\/blogs.elcomercio.es\/largo_de_cafe\/wp-json\/wp\/v2\/users\/2"}],"replies":[{"embeddable":true,"href":"https:\/\/blogs.elcomercio.es\/largo_de_cafe\/wp-json\/wp\/v2\/comments?post=11552"}],"version-history":[{"count":1,"href":"https:\/\/blogs.elcomercio.es\/largo_de_cafe\/wp-json\/wp\/v2\/posts\/11552\/revisions"}],"predecessor-version":[{"id":11553,"href":"https:\/\/blogs.elcomercio.es\/largo_de_cafe\/wp-json\/wp\/v2\/posts\/11552\/revisions\/11553"}],"wp:attachment":[{"href":"https:\/\/blogs.elcomercio.es\/largo_de_cafe\/wp-json\/wp\/v2\/media?parent=11552"}],"wp:term":[{"taxonomy":"category","embeddable":true,"href":"https:\/\/blogs.elcomercio.es\/largo_de_cafe\/wp-json\/wp\/v2\/categories?post=11552"},{"taxonomy":"post_tag","embeddable":true,"href":"https:\/\/blogs.elcomercio.es\/largo_de_cafe\/wp-json\/wp\/v2\/tags?post=11552"}],"curies":[{"name":"wp","href":"https:\/\/api.w.org\/{rel}","templated":true}]}}