{"id":11555,"date":"2026-03-13T20:16:50","date_gmt":"2026-03-13T19:16:50","guid":{"rendered":"https:\/\/blogs.elcomercio.es\/largo_de_cafe\/?p=11555"},"modified":"2026-03-13T20:16:51","modified_gmt":"2026-03-13T19:16:51","slug":"planes-de-la-consejera","status":"publish","type":"post","link":"https:\/\/blogs.elcomercio.es\/largo_de_cafe\/2026\/03\/13\/planes-de-la-consejera\/","title":{"rendered":"PLANES DE LA CONSEJERA"},"content":{"rendered":"\n<p>Tras el varapalo recibido la pasada semana en la C\u00e1mara auton\u00f3mica por la gesti\u00f3n de la Dependencia, Marta del Arco expuso los planes de la Consejer\u00eda de Derechos Sociales y Bienestar sobre plazas residenciales. La consejera pretende, en los pr\u00f3ximos tres a\u00f1os, crear 700 nuevas plazas, construyendo nuevos geri\u00e1tricos, ampliando los que ya hay e incrementando las plazas concertadas en residencias privadas.<\/p>\n\n\n\n<p>Si logra el objetivo marcado habr\u00e1 dado un salto importante sobre todo lo hecho en los \u00faltimos siete a\u00f1os. Desde que Adri\u00e1n Barb\u00f3n es presidente solo se ha construido una residencia para la tercera edad. Con ese precedente hay que ser muy cauto al o\u00edr hablar de dos nuevas residencias en Corvera y Luarca que incrementar\u00e1n en 240 las plazas residenciales, pero al menos hay que concederle el beneficio de la duda. El plan prev\u00e9 incorporar 425 plazas p\u00fablicas a trav\u00e9s de la construcci\u00f3n de nuevos equipamientos, ampliaci\u00f3n de residencias y adaptaci\u00f3n de plazas existentes, que sumadas a otras 300 provenientes de nuevos conciertos con residencias privadas, permitir\u00e1n aumentar en un 13% la oferta residencial para la tercera edad.<\/p>\n\n\n\n<p>Marta del Arco expuso como eje de su pol\u00edtica que los ancianos y las personas con autonom\u00eda reducida puedan \u00abvivir en su entorno\u00bb. Supongo que por entorno habr\u00e1 que entender en la inmensa mayor\u00eda de los casos el domicilio. Para ello conf\u00eda en los centros de d\u00eda, la teleasistencia y la ayuda a domicilio. Es, sin duda, lo m\u00e1s recomendable y lo m\u00e1s barato para el Principado. Ahora bien, Asturias es la comunidad aut\u00f3noma m\u00e1s envejecida de Espa\u00f1a con un 28% de los habitantes con m\u00e1s de 65 a\u00f1os. Las previsiones de plazas en residencias p\u00fablicas y privadas se quedan cortas para poder hacer frente a la demanda creciente de los pr\u00f3ximos a\u00f1os.<\/p>\n\n\n\n<p>En la actualidad ya hay un d\u00e9ficit de oferta, raz\u00f3n de las largas esperas. Me sorprendi\u00f3 que, seg\u00fan la consejera, hay menos gente a la expectativa de una plaza en el ERA que hace un a\u00f1o. Marta del Arco cifr\u00f3 en 390 el n\u00famero de personas en lista de espera el pasado a\u00f1o, siendo de 298 este a\u00f1o. Puestos a buscarle una explicaci\u00f3n, si la gesti\u00f3n es muy lenta, habr\u00e1 una p\u00e9rdida natural por fallecimientos, o por des\u00e1nimo y se van a geri\u00e1tricos privados. En Espa\u00f1a, el incremento de personas de m\u00e1s de 65 a\u00f1os en residencias de mayores creci\u00f3 el 15,9% en el \u00faltimo a\u00f1o. Hay escasez de equipamientos, pero el mayor d\u00e9ficit es de concienciaci\u00f3n. La dotaci\u00f3n de plazas residenciales nunca estuvo entre las prioridades de nuestros gobiernos.<\/p>\n<!-- AddThis Advanced Settings generic via filter on the_content --><!-- AddThis Share Buttons generic via filter on the_content -->","protected":false},"excerpt":{"rendered":"<p>Tras el varapalo recibido la pasada semana en la C\u00e1mara auton\u00f3mica por la gesti\u00f3n de la Dependencia, Marta del Arco expuso los planes de la Consejer\u00eda de Derechos Sociales y Bienestar sobre plazas residenciales. La consejera pretende, en los pr\u00f3ximos tres a\u00f1os, crear 700 nuevas plazas, construyendo nuevos geri\u00e1tricos, ampliando los que ya hay e [&hellip;]<!-- AddThis Advanced Settings generic via filter on get_the_excerpt --><!-- AddThis Share Buttons generic via filter on get_the_excerpt --><\/p>\n","protected":false},"author":2,"featured_media":0,"comment_status":"open","ping_status":"open","sticky":false,"template":"","format":"standard","meta":[],"categories":[1],"tags":[],"_links":{"self":[{"href":"https:\/\/blogs.elcomercio.es\/largo_de_cafe\/wp-json\/wp\/v2\/posts\/11555"}],"collection":[{"href":"https:\/\/blogs.elcomercio.es\/largo_de_cafe\/wp-json\/wp\/v2\/posts"}],"about":[{"href":"https:\/\/blogs.elcomercio.es\/largo_de_cafe\/wp-json\/wp\/v2\/types\/post"}],"author":[{"embeddable":true,"href":"https:\/\/blogs.elcomercio.es\/largo_de_cafe\/wp-json\/wp\/v2\/users\/2"}],"replies":[{"embeddable":true,"href":"https:\/\/blogs.elcomercio.es\/largo_de_cafe\/wp-json\/wp\/v2\/comments?post=11555"}],"version-history":[{"count":1,"href":"https:\/\/blogs.elcomercio.es\/largo_de_cafe\/wp-json\/wp\/v2\/posts\/11555\/revisions"}],"predecessor-version":[{"id":11557,"href":"https:\/\/blogs.elcomercio.es\/largo_de_cafe\/wp-json\/wp\/v2\/posts\/11555\/revisions\/11557"}],"wp:attachment":[{"href":"https:\/\/blogs.elcomercio.es\/largo_de_cafe\/wp-json\/wp\/v2\/media?parent=11555"}],"wp:term":[{"taxonomy":"category","embeddable":true,"href":"https:\/\/blogs.elcomercio.es\/largo_de_cafe\/wp-json\/wp\/v2\/categories?post=11555"},{"taxonomy":"post_tag","embeddable":true,"href":"https:\/\/blogs.elcomercio.es\/largo_de_cafe\/wp-json\/wp\/v2\/tags?post=11555"}],"curies":[{"name":"wp","href":"https:\/\/api.w.org\/{rel}","templated":true}]}}