{"id":11558,"date":"2026-03-14T21:59:23","date_gmt":"2026-03-14T20:59:23","guid":{"rendered":"https:\/\/blogs.elcomercio.es\/largo_de_cafe\/?p=11558"},"modified":"2026-03-14T21:59:24","modified_gmt":"2026-03-14T20:59:24","slug":"suspenso-en-la-dependencia","status":"publish","type":"post","link":"https:\/\/blogs.elcomercio.es\/largo_de_cafe\/2026\/03\/14\/suspenso-en-la-dependencia\/","title":{"rendered":"SUSPENSO EN LA DEPENDENCIA"},"content":{"rendered":"\n<p>En el Principado hay una especial aprensi\u00f3n a los informes del Observatorio de la Dependencia, ya que Asturias lleva cosechados veintitr\u00e9s suspensos en los veintis\u00e9is dict\u00e1menes que lleva haciendo el citado organismo desde que se empez\u00f3 a aplicar la Ley de la Dependencia. El Observatorio es una creaci\u00f3n de la Asociaci\u00f3n Estatal de Directores y Gerentes de Servicios Sociales, sin ning\u00fan v\u00ednculo con administraciones p\u00fablicas ni tutela de gobiernos. Son independientes y profesionales, dos rasgos propios de las entidades cre\u00edbles. Pasan los a\u00f1os, cambian presidentes y gobiernos, y la gesti\u00f3n asturiana de la Dependencia reincide en los mismos defectos. El fallo que m\u00e1s se repite es dejar los expedientes perdidos en los mil vericuetos de la tramitaci\u00f3n administrativa sin llegar a concluir.<\/p>\n\n\n\n<p>Lo dice muy bien el informe que se acaba de publicar. El sistema asturiano para la Dependencia \u00abevidencia una incapacidad estructural para transformar la tramitaci\u00f3n administrativa en resoluciones efectivas\u00bb. Y a\u00f1ade: \u00abLa salida de las personas del sistema se produce de forma sistem\u00e1tica por causas ajenas a la gesti\u00f3n administrativa\u00bb. La principal causa ajena a la gesti\u00f3n administrativa que expulsa a las personas de la lista de espera es la muerte.<\/p>\n\n\n\n<p>El pasado a\u00f1o, 1.245 personas fallecieron en lista de espera. La mayor parte, 1.179, aguardaban la valoraci\u00f3n del Principado, mientras que los sesenta y seis restantes esperaban la ayuda concreta a la que se hab\u00edan hecho merecedores. Dicho en t\u00e9rminos poco caritativos, el sistema no se desborda porque a una valoraci\u00f3n trabajosa y lenta le corresponde una cifra de decesos que evita la saturaci\u00f3n de los recursos.<\/p>\n\n\n\n<p>El pasado a\u00f1o solo se incorporaron al sistema 645 personas dependientes y 1.245 desaparecieron de la lista de la valoraci\u00f3n. Un cribado entreverado de naturaleza y burocracia estabiliza el sistema. Cuando se llevan dieciocho a\u00f1os reincidiendo en los mismos errores y padeciendo los mismos d\u00e9ficits no queda otro remedio que concluir que la Dependencia no fue, ni es, una prioridad para el Principado. Pese a lo que pudiera parecer, hay comunidades aut\u00f3nomas que sacan buena nota en el dictamen del Observatorio sin ser ricas. Y otras que son ricas y no destacan en el ranking de la valoraci\u00f3n de la Dependencia. Al final, la gesti\u00f3n de la consejera, Marta del Arco, no es m\u00e1s que la consecuencia de la falta de compromiso pol\u00edtico del Gobierno con la Dependencia. El tan cacareado escudo social no cubre a los m\u00e1s vulnerables.<\/p>\n<!-- AddThis Advanced Settings generic via filter on the_content --><!-- AddThis Share Buttons generic via filter on the_content -->","protected":false},"excerpt":{"rendered":"<p>En el Principado hay una especial aprensi\u00f3n a los informes del Observatorio de la Dependencia, ya que Asturias lleva cosechados veintitr\u00e9s suspensos en los veintis\u00e9is dict\u00e1menes que lleva haciendo el citado organismo desde que se empez\u00f3 a aplicar la Ley de la Dependencia. El Observatorio es una creaci\u00f3n de la Asociaci\u00f3n Estatal de Directores y [&hellip;]<!-- AddThis Advanced Settings generic via filter on get_the_excerpt --><!-- AddThis Share Buttons generic via filter on get_the_excerpt --><\/p>\n","protected":false},"author":2,"featured_media":0,"comment_status":"open","ping_status":"open","sticky":false,"template":"","format":"standard","meta":[],"categories":[1],"tags":[],"_links":{"self":[{"href":"https:\/\/blogs.elcomercio.es\/largo_de_cafe\/wp-json\/wp\/v2\/posts\/11558"}],"collection":[{"href":"https:\/\/blogs.elcomercio.es\/largo_de_cafe\/wp-json\/wp\/v2\/posts"}],"about":[{"href":"https:\/\/blogs.elcomercio.es\/largo_de_cafe\/wp-json\/wp\/v2\/types\/post"}],"author":[{"embeddable":true,"href":"https:\/\/blogs.elcomercio.es\/largo_de_cafe\/wp-json\/wp\/v2\/users\/2"}],"replies":[{"embeddable":true,"href":"https:\/\/blogs.elcomercio.es\/largo_de_cafe\/wp-json\/wp\/v2\/comments?post=11558"}],"version-history":[{"count":1,"href":"https:\/\/blogs.elcomercio.es\/largo_de_cafe\/wp-json\/wp\/v2\/posts\/11558\/revisions"}],"predecessor-version":[{"id":11559,"href":"https:\/\/blogs.elcomercio.es\/largo_de_cafe\/wp-json\/wp\/v2\/posts\/11558\/revisions\/11559"}],"wp:attachment":[{"href":"https:\/\/blogs.elcomercio.es\/largo_de_cafe\/wp-json\/wp\/v2\/media?parent=11558"}],"wp:term":[{"taxonomy":"category","embeddable":true,"href":"https:\/\/blogs.elcomercio.es\/largo_de_cafe\/wp-json\/wp\/v2\/categories?post=11558"},{"taxonomy":"post_tag","embeddable":true,"href":"https:\/\/blogs.elcomercio.es\/largo_de_cafe\/wp-json\/wp\/v2\/tags?post=11558"}],"curies":[{"name":"wp","href":"https:\/\/api.w.org\/{rel}","templated":true}]}}